{"id":8534,"date":"2022-10-04T09:00:10","date_gmt":"2022-10-04T07:00:10","guid":{"rendered":"https:\/\/interprogettied.com\/tecnologiealimentari?p=8534"},"modified":"2022-10-03T17:03:30","modified_gmt":"2022-10-03T15:03:30","slug":"acqua-minerale-di-calizzano-limbottigliamento-diventa-green-grazie-a-sew-eurodrive-e-krones-ag","status":"publish","type":"post","link":"https:\/\/interprogettied.com\/tecnologiealimentari\/2022\/10\/acqua-minerale-di-calizzano-limbottigliamento-diventa-green-grazie-a-sew-eurodrive-e-krones-ag\/","title":{"rendered":"L\u2019imbottigliamento diventa green grazie a Sew-Eurodrive e Krones AG"},"content":{"rendered":"<p>[vc_row][vc_column][vc_single_image image=&#8221;8535&#8243; img_size=&#8221;800&#215;600&#8243; alignment=&#8221;center&#8221;][vc_empty_space height=&#8221;30px&#8221;][\/vc_column][\/vc_row][vc_row][vc_column][vc_column_text]<\/p>\n<p class=\"p1\">Operativo il nuovo impianto di imbottigliamento che rispetta l\u2019ambiente di Acqua Minerale di Calizzano, che \u00e8 entrato ufficialmente in funzione per l\u2019imbottigliamento in vetro di ultima generazione. Con l\u2019inizio del periodo estivo, e completata la fase di test, la nota azienda dell\u2019Alta Val Bormida ha finalmente completato la messa in funzione della sua nuova linea produttiva: un investimento complessivo di 6 milioni di euro, per un iter realizzativo durato poco meno di un anno, che ha visto un efficientamento anche grazie al supporto di <a href=\"https:\/\/www.sew-eurodrive.it\/homepage.html\" target=\"_blank\" rel=\"noopener\"><strong>Sew-Eurodrive<\/strong><\/a>. Il risultato? Maggiore efficienza e affidabilit\u00e0, in ottica di sostenibilit\u00e0.<\/p>\n<p class=\"p1\">Il progetto in sintesi:<\/p>\n<p>1) OEM e END USER:<\/p>\n<ul class=\"ul1\">\n<li class=\"li2\">OEM: KRONES AG<\/li>\n<li class=\"li2\">END USER: Acqua Minerale di Calizzano Srl<\/li>\n<\/ul>\n<p class=\"p1\">Nel nord Italia, dove le montagne abbracciano una bellissima costa, si trova la piccola comunit\u00e0 di Calizzano (Savona). Il produttore locale di bevande Acqua Minerale di Calizzano Srl, dal 1961 produce bevande di alta qualit\u00e0 con l\u2019acqua che sgorga dalle sorgenti delle Fonti Bauda che scaturiscono dalle Alpi Marittime a circa 1.080 metri sul livello del mare. Tutti i prodotti, oltre ad essere venduti in tutta Italia, vengono anche esportati in oltre 13 Paesi in tutto il mondo quali Inghilterra, Stati Uniti, Canada, Messico, Australia, Francia.<\/p>\n<p>Nel corso dei decenni, l\u2019azienda \u00e8 cresciuta gradualmente sino ad arrivare alla terza generazione di imprenditori. I dati attuali parlano di una produzione che si aggira sui 40 milioni di bottiglie all\u2019anno. Il portfolio comprende per\u00f2 anche differenti bibite: l\u2019acqua delle Fonti Bauda viene infatti altres\u00ec impiegata nelle produzioni di bibite analcoliche gassate, prodotte seguendo la tradizionale ricetta che prevede l\u2019utilizzo di solo zucchero, in una variet\u00e0 di otto gusti sia in confezioni di PET che di vetro.<\/p>\n<p class=\"p1\">2) Bisogno del cliente:<\/p>\n<p class=\"p1\">Al pari di Sew-Eurodrive che nel corso degli ultimi anni ha intrapreso un cammino verso la sostenibilit\u00e0 con un approccio sistemico e trasparente, in grado di sviluppare un forte orientamento anche all\u2019innovazione e alla tecnologia, anche la politica e l\u2019etica di Acqua Minerale di Calizzano sono ancora pi\u00f9 attente alla sostenibilit\u00e0 del proprio prodotto e alla protezione ambientale.<\/p>\n<p class=\"p1\">Per questo motivo l\u2019azienda dell\u2019Alta Val Bormida ha deciso di investire oltre 6 milioni di euro sulle referenze in vetro, puntando in particolar modo sul \u201criutilizzo\u201d dell\u2019imballo piuttosto che sulla sua \u201criciclabilit\u00e0\u201d.<\/p>\n<p class=\"p1\">L\u2019impianto ha visto il supporto sia dell\u2019OEM KRONES AG (leader di mercato situato a Neutraubling, in Baviera, Germania), quale fornitore dell\u2019intero impianto, sia di Sew-Eurodrive che ha supportato l\u2019utilizzatore finale mediante la fornitura delle tecnologia di azionamento MOVIGEAR\u00ae classic e MOVITRAC\u00ae advanced.<\/p>\n<p>[\/vc_column_text][vc_empty_space height=&#8221;30px&#8221;][vc_single_image image=&#8221;8536&#8243; img_size=&#8221;500&#215;200&#8243; alignment=&#8221;center&#8221;][vc_empty_space height=&#8221;30px&#8221;][\/vc_column][\/vc_row][vc_row][vc_column][vc_column_text]3) La soluzione e i relativi vantaggi<\/p>\n<p class=\"p2\">I sistemi di trasporto dell\u2019intero impianto richiedono un totale di 108 azionamenti. <span class=\"Apple-converted-space\">\u00a0<\/span><\/p>\n<p class=\"p2\">Gi\u00e0 da anni KRONES AG utilizza Moviger\u00ae classic di Sew-Eurodrive in quanto unit\u00e0 di azionamento particolarmente efficiente, flessibili, semplici ma anche sicuri, sviluppati dalla multinazionale tedesca grazie al sistema modulare per l&#8217;automazione MOVI-C\u00ae.<\/p>\n<p class=\"p2\">Movigear sono unit\u00e0 di azionamento estremamente efficienti perch\u00e9 abbattono il consumo energetico: l\u2019elevato livello di rendimento grazie alla classificazione di efficienza IE5 del motore, li rende una soluzione di azionamento innovativa e sostenibile, rispetto ai sistemi esistenti e disponibili in commercio.<\/p>\n<p class=\"p2\">La flessibilit\u00e0 \u00e8 dovuta sia alla compattezza e alla forma costruttiva universale, oltre che alla loro capacit\u00e0 di sovraccarico (comportante una riduzione del numero di varianti necessarie, con conseguente ottimizzazione dei costi di gestione in magazzino). Infine sono anche di semplice e rapida installazione.<\/p>\n<p class=\"p2\">Queste caratteristiche rendono Movigear classic particolarmente indicati nell\u2019industria alimentare e delle bevande nei quali sono richieste un livello di efficienza energetica e prestazioni elevate, in spazi ridotti. Inoltre la struttura liscia della superficie di Movigear impedisce che vi aderisca lo sporco e facilita la pulizia degli impianti; per via del raffreddamento in superficie non sono richiesti ventole, n\u00e9 ventilatori addizionali: ci\u00f2 significa che lo sporco non viene aspirato dal sistema e pertanto germi e batteri non vengono diffusi dai vortici d&#8217;aria.<\/p>\n<p class=\"p2\">\u00c8 stato impiegato anche il nuovo inverter Movitrac\u00ae advanced: soluzione che punta su compattezza, flessibilit\u00e0 e semplicit\u00e0 di implementazione di sistemi di controllo. Un inverter tuttofare pensato per applicazioni di intralogistica e movimentazione \u2013 come nastri trasportatori, elevatori e pallettizzatori \u2013 adatto a tutti i settori e in questo specifico utilizzo al food &amp; beverage.<\/p>\n<p class=\"p3\">Ideale per controllare e monitorare motori AC sincroni e asincroni, con o senza encoder (a media\/bassa accuratezza), motori con tecnologia LSPM e motori lineari, l\u2019unit\u00e0 Movitrac advanced pu\u00f2 essere impiegata in un\u2019incredibile variet\u00e0 di aree di applicazione, grazie a un considerevole range di potenza da 0,25 a 315 kW e una capacit\u00e0 di sovraccarico del 150%.<\/p>\n<p class=\"p3\">Un\u2019adattabilit\u00e0 potenziata a sua volta dalla flessibilit\u00e0 dell\u2019interfaccia di comunicazione integrata, che consente il collegamento dell\u2019inverter a sistemi di controllo di uso comune. Diverse le tecnologie di collegamento possibili grazie alla molteplicit\u00e0 delle linee offerte: PROFINET, EtherNet\/IP<span class=\"s1\"><sup>TM<\/sup><\/span>, EtherCAT\u00ae \/ SBusPLUS, Modus TCP, EtherCAT\u00ae\/CiA402 o POWERLINK\/CiA402. <span class=\"Apple-converted-space\">\u00a0<\/span><\/p>\n<p>[\/vc_column_text][\/vc_column][\/vc_row]<\/p>\n","protected":false},"excerpt":{"rendered":"<p>Operativo il nuovo impianto di imbottigliamento che rispetta l\u2019ambiente di Acqua Minerale di Calizzano, grazie al supporto di Sew-Eurodrive. <\/p>\n","protected":false},"author":4,"featured_media":8535,"comment_status":"open","ping_status":"open","sticky":false,"template":"","format":"standard","meta":{"footnotes":""},"categories":[313,469],"tags":[],"class_list":["post-8534","post","type-post","status-publish","format-standard","has-post-thumbnail","hentry","category-articoli-attualita","category-attualita-per-tecnologie-alimentari"],"yoast_head":"<!-- This site is optimized with the Yoast SEO plugin v21.9.1 - https:\/\/yoast.com\/wordpress\/plugins\/seo\/ -->\n<title>L\u2019imbottigliamento diventa green grazie a Sew-Eurodrive e Krones AG - Tecnologie Alimentari<\/title>\n<meta name=\"description\" content=\"Operativo il nuovo impianto di imbottigliamento che rispetta l\u2019ambiente di Acqua Minerale di Calizzano, grazie al supporto di Sew-Eurodrive.\" \/>\n<meta name=\"robots\" content=\"index, follow, max-snippet:-1, max-image-preview:large, max-video-preview:-1\" \/>\n<link rel=\"canonical\" href=\"https:\/\/interprogettied.com\/tecnologiealimentari\/2022\/10\/acqua-minerale-di-calizzano-limbottigliamento-diventa-green-grazie-a-sew-eurodrive-e-krones-ag\/\" \/>\n<meta property=\"og:locale\" content=\"it_IT\" \/>\n<meta property=\"og:type\" content=\"article\" \/>\n<meta property=\"og:title\" content=\"L\u2019imbottigliamento diventa green grazie a Sew-Eurodrive e Krones AG - Tecnologie Alimentari\" \/>\n<meta property=\"og:description\" content=\"Operativo il nuovo impianto di imbottigliamento che rispetta l\u2019ambiente di Acqua Minerale di Calizzano, grazie al supporto di Sew-Eurodrive.\" \/>\n<meta property=\"og:url\" content=\"https:\/\/interprogettied.com\/tecnologiealimentari\/2022\/10\/acqua-minerale-di-calizzano-limbottigliamento-diventa-green-grazie-a-sew-eurodrive-e-krones-ag\/\" \/>\n<meta property=\"og:site_name\" content=\"Tecnologie Alimentari\" \/>\n<meta property=\"article:published_time\" content=\"2022-10-04T07:00:10+00:00\" \/>\n<meta property=\"article:modified_time\" content=\"2022-10-03T15:03:30+00:00\" \/>\n<meta property=\"og:image\" content=\"https:\/\/interprogettied.com\/tecnologiealimentari\/wp-content\/uploads\/2022\/10\/SEW-EURODRIVE_Water-moves-faster_1-scaled.jpg\" \/>\n\t<meta property=\"og:image:width\" content=\"1920\" \/>\n\t<meta property=\"og:image:height\" content=\"2560\" \/>\n\t<meta property=\"og:image:type\" content=\"image\/jpeg\" \/>\n<meta name=\"author\" content=\"InterP920\" \/>\n<meta name=\"twitter:card\" content=\"summary_large_image\" \/>\n<meta name=\"twitter:label1\" content=\"Scritto da\" \/>\n\t<meta name=\"twitter:data1\" content=\"InterP920\" \/>\n\t<meta name=\"twitter:label2\" content=\"Tempo di lettura stimato\" \/>\n\t<meta name=\"twitter:data2\" content=\"4 minuti\" \/>\n<script type=\"application\/ld+json\" class=\"yoast-schema-graph\">{\"@context\":\"https:\/\/schema.org\",\"@graph\":[{\"@type\":\"WebPage\",\"@id\":\"https:\/\/interprogettied.com\/tecnologiealimentari\/2022\/10\/acqua-minerale-di-calizzano-limbottigliamento-diventa-green-grazie-a-sew-eurodrive-e-krones-ag\/\",\"url\":\"https:\/\/interprogettied.com\/tecnologiealimentari\/2022\/10\/acqua-minerale-di-calizzano-limbottigliamento-diventa-green-grazie-a-sew-eurodrive-e-krones-ag\/\",\"name\":\"L\u2019imbottigliamento diventa green grazie a Sew-Eurodrive e Krones AG - Tecnologie Alimentari\",\"isPartOf\":{\"@id\":\"https:\/\/interprogettied.com\/tecnologiealimentari\/#website\"},\"datePublished\":\"2022-10-04T07:00:10+00:00\",\"dateModified\":\"2022-10-03T15:03:30+00:00\",\"author\":{\"@id\":\"https:\/\/interprogettied.com\/tecnologiealimentari\/#\/schema\/person\/c7448c7ca13e57e26cf76bb292c7c255\"},\"description\":\"Operativo il nuovo impianto di imbottigliamento che rispetta l\u2019ambiente di Acqua Minerale di Calizzano, grazie al supporto di Sew-Eurodrive.\",\"breadcrumb\":{\"@id\":\"https:\/\/interprogettied.com\/tecnologiealimentari\/2022\/10\/acqua-minerale-di-calizzano-limbottigliamento-diventa-green-grazie-a-sew-eurodrive-e-krones-ag\/#breadcrumb\"},\"inLanguage\":\"it-IT\",\"potentialAction\":[{\"@type\":\"ReadAction\",\"target\":[\"https:\/\/interprogettied.com\/tecnologiealimentari\/2022\/10\/acqua-minerale-di-calizzano-limbottigliamento-diventa-green-grazie-a-sew-eurodrive-e-krones-ag\/\"]}]},{\"@type\":\"BreadcrumbList\",\"@id\":\"https:\/\/interprogettied.com\/tecnologiealimentari\/2022\/10\/acqua-minerale-di-calizzano-limbottigliamento-diventa-green-grazie-a-sew-eurodrive-e-krones-ag\/#breadcrumb\",\"itemListElement\":[{\"@type\":\"ListItem\",\"position\":1,\"name\":\"Home\",\"item\":\"https:\/\/interprogettied.com\/tecnologiealimentari\/\"},{\"@type\":\"ListItem\",\"position\":2,\"name\":\"L\u2019imbottigliamento diventa green grazie a Sew-Eurodrive e Krones AG\"}]},{\"@type\":\"WebSite\",\"@id\":\"https:\/\/interprogettied.com\/tecnologiealimentari\/#website\",\"url\":\"https:\/\/interprogettied.com\/tecnologiealimentari\/\",\"name\":\"Tecnologie Alimentari\",\"description\":\"Interprogetti editori\",\"potentialAction\":[{\"@type\":\"SearchAction\",\"target\":{\"@type\":\"EntryPoint\",\"urlTemplate\":\"https:\/\/interprogettied.com\/tecnologiealimentari\/?s={search_term_string}\"},\"query-input\":\"required name=search_term_string\"}],\"inLanguage\":\"it-IT\"},{\"@type\":\"Person\",\"@id\":\"https:\/\/interprogettied.com\/tecnologiealimentari\/#\/schema\/person\/c7448c7ca13e57e26cf76bb292c7c255\",\"name\":\"InterP920\",\"image\":{\"@type\":\"ImageObject\",\"inLanguage\":\"it-IT\",\"@id\":\"https:\/\/interprogettied.com\/tecnologiealimentari\/#\/schema\/person\/image\/\",\"url\":\"https:\/\/secure.gravatar.com\/avatar\/93644f5d9e0eed887188f5bbdaee0341ce103847fc5e89f1d467e514be324899?s=96&d=mm&r=g\",\"contentUrl\":\"https:\/\/secure.gravatar.com\/avatar\/93644f5d9e0eed887188f5bbdaee0341ce103847fc5e89f1d467e514be324899?s=96&d=mm&r=g\",\"caption\":\"InterP920\"},\"url\":\"https:\/\/interprogettied.com\/tecnologiealimentari\/author\/interp920\/\"}]}<\/script>\n<!-- \/ Yoast SEO plugin. -->","yoast_head_json":{"title":"L\u2019imbottigliamento diventa green grazie a Sew-Eurodrive e Krones AG - Tecnologie Alimentari","description":"Operativo il nuovo impianto di imbottigliamento che rispetta l\u2019ambiente di Acqua Minerale di Calizzano, grazie al supporto di Sew-Eurodrive.","robots":{"index":"index","follow":"follow","max-snippet":"max-snippet:-1","max-image-preview":"max-image-preview:large","max-video-preview":"max-video-preview:-1"},"canonical":"https:\/\/interprogettied.com\/tecnologiealimentari\/2022\/10\/acqua-minerale-di-calizzano-limbottigliamento-diventa-green-grazie-a-sew-eurodrive-e-krones-ag\/","og_locale":"it_IT","og_type":"article","og_title":"L\u2019imbottigliamento diventa green grazie a Sew-Eurodrive e Krones AG - Tecnologie Alimentari","og_description":"Operativo il nuovo impianto di imbottigliamento che rispetta l\u2019ambiente di Acqua Minerale di Calizzano, grazie al supporto di Sew-Eurodrive.","og_url":"https:\/\/interprogettied.com\/tecnologiealimentari\/2022\/10\/acqua-minerale-di-calizzano-limbottigliamento-diventa-green-grazie-a-sew-eurodrive-e-krones-ag\/","og_site_name":"Tecnologie Alimentari","article_published_time":"2022-10-04T07:00:10+00:00","article_modified_time":"2022-10-03T15:03:30+00:00","og_image":[{"width":1920,"height":2560,"url":"https:\/\/interprogettied.com\/tecnologiealimentari\/wp-content\/uploads\/2022\/10\/SEW-EURODRIVE_Water-moves-faster_1-scaled.jpg","type":"image\/jpeg"}],"author":"InterP920","twitter_card":"summary_large_image","twitter_misc":{"Scritto da":"InterP920","Tempo di lettura stimato":"4 minuti"},"schema":{"@context":"https:\/\/schema.org","@graph":[{"@type":"WebPage","@id":"https:\/\/interprogettied.com\/tecnologiealimentari\/2022\/10\/acqua-minerale-di-calizzano-limbottigliamento-diventa-green-grazie-a-sew-eurodrive-e-krones-ag\/","url":"https:\/\/interprogettied.com\/tecnologiealimentari\/2022\/10\/acqua-minerale-di-calizzano-limbottigliamento-diventa-green-grazie-a-sew-eurodrive-e-krones-ag\/","name":"L\u2019imbottigliamento diventa green grazie a Sew-Eurodrive e Krones AG - Tecnologie Alimentari","isPartOf":{"@id":"https:\/\/interprogettied.com\/tecnologiealimentari\/#website"},"datePublished":"2022-10-04T07:00:10+00:00","dateModified":"2022-10-03T15:03:30+00:00","author":{"@id":"https:\/\/interprogettied.com\/tecnologiealimentari\/#\/schema\/person\/c7448c7ca13e57e26cf76bb292c7c255"},"description":"Operativo il nuovo impianto di imbottigliamento che rispetta l\u2019ambiente di Acqua Minerale di Calizzano, grazie al supporto di Sew-Eurodrive.","breadcrumb":{"@id":"https:\/\/interprogettied.com\/tecnologiealimentari\/2022\/10\/acqua-minerale-di-calizzano-limbottigliamento-diventa-green-grazie-a-sew-eurodrive-e-krones-ag\/#breadcrumb"},"inLanguage":"it-IT","potentialAction":[{"@type":"ReadAction","target":["https:\/\/interprogettied.com\/tecnologiealimentari\/2022\/10\/acqua-minerale-di-calizzano-limbottigliamento-diventa-green-grazie-a-sew-eurodrive-e-krones-ag\/"]}]},{"@type":"BreadcrumbList","@id":"https:\/\/interprogettied.com\/tecnologiealimentari\/2022\/10\/acqua-minerale-di-calizzano-limbottigliamento-diventa-green-grazie-a-sew-eurodrive-e-krones-ag\/#breadcrumb","itemListElement":[{"@type":"ListItem","position":1,"name":"Home","item":"https:\/\/interprogettied.com\/tecnologiealimentari\/"},{"@type":"ListItem","position":2,"name":"L\u2019imbottigliamento diventa green grazie a Sew-Eurodrive e Krones AG"}]},{"@type":"WebSite","@id":"https:\/\/interprogettied.com\/tecnologiealimentari\/#website","url":"https:\/\/interprogettied.com\/tecnologiealimentari\/","name":"Tecnologie Alimentari","description":"Interprogetti editori","potentialAction":[{"@type":"SearchAction","target":{"@type":"EntryPoint","urlTemplate":"https:\/\/interprogettied.com\/tecnologiealimentari\/?s={search_term_string}"},"query-input":"required name=search_term_string"}],"inLanguage":"it-IT"},{"@type":"Person","@id":"https:\/\/interprogettied.com\/tecnologiealimentari\/#\/schema\/person\/c7448c7ca13e57e26cf76bb292c7c255","name":"InterP920","image":{"@type":"ImageObject","inLanguage":"it-IT","@id":"https:\/\/interprogettied.com\/tecnologiealimentari\/#\/schema\/person\/image\/","url":"https:\/\/secure.gravatar.com\/avatar\/93644f5d9e0eed887188f5bbdaee0341ce103847fc5e89f1d467e514be324899?s=96&d=mm&r=g","contentUrl":"https:\/\/secure.gravatar.com\/avatar\/93644f5d9e0eed887188f5bbdaee0341ce103847fc5e89f1d467e514be324899?s=96&d=mm&r=g","caption":"InterP920"},"url":"https:\/\/interprogettied.com\/tecnologiealimentari\/author\/interp920\/"}]}},"_links":{"self":[{"href":"https:\/\/interprogettied.com\/tecnologiealimentari\/wp-json\/wp\/v2\/posts\/8534","targetHints":{"allow":["GET"]}}],"collection":[{"href":"https:\/\/interprogettied.com\/tecnologiealimentari\/wp-json\/wp\/v2\/posts"}],"about":[{"href":"https:\/\/interprogettied.com\/tecnologiealimentari\/wp-json\/wp\/v2\/types\/post"}],"author":[{"embeddable":true,"href":"https:\/\/interprogettied.com\/tecnologiealimentari\/wp-json\/wp\/v2\/users\/4"}],"replies":[{"embeddable":true,"href":"https:\/\/interprogettied.com\/tecnologiealimentari\/wp-json\/wp\/v2\/comments?post=8534"}],"version-history":[{"count":4,"href":"https:\/\/interprogettied.com\/tecnologiealimentari\/wp-json\/wp\/v2\/posts\/8534\/revisions"}],"predecessor-version":[{"id":8540,"href":"https:\/\/interprogettied.com\/tecnologiealimentari\/wp-json\/wp\/v2\/posts\/8534\/revisions\/8540"}],"wp:featuredmedia":[{"embeddable":true,"href":"https:\/\/interprogettied.com\/tecnologiealimentari\/wp-json\/wp\/v2\/media\/8535"}],"wp:attachment":[{"href":"https:\/\/interprogettied.com\/tecnologiealimentari\/wp-json\/wp\/v2\/media?parent=8534"}],"wp:term":[{"taxonomy":"category","embeddable":true,"href":"https:\/\/interprogettied.com\/tecnologiealimentari\/wp-json\/wp\/v2\/categories?post=8534"},{"taxonomy":"post_tag","embeddable":true,"href":"https:\/\/interprogettied.com\/tecnologiealimentari\/wp-json\/wp\/v2\/tags?post=8534"}],"curies":[{"name":"wp","href":"https:\/\/api.w.org\/{rel}","templated":true}]}}