{"id":8134,"date":"2022-07-01T09:00:10","date_gmt":"2022-07-01T07:00:10","guid":{"rendered":"https:\/\/interprogettied.com\/tecnologiealimentari?p=8134"},"modified":"2022-06-30T12:17:42","modified_gmt":"2022-06-30T10:17:42","slug":"giflex-dare-identita-allimballaggio-flessibile","status":"publish","type":"post","link":"https:\/\/interprogettied.com\/tecnologiealimentari\/2022\/07\/giflex-dare-identita-allimballaggio-flessibile\/","title":{"rendered":"Giflex: il futuro dell&#8217;imballaggio flessibile \u00e8 nella sua identit\u00e0"},"content":{"rendered":"<p>[vc_row][vc_column][vc_single_image image=&#8221;8135&#8243; img_size=&#8221;2000&#215;1000&#8243; alignment=&#8221;center&#8221;][vc_empty_space height=&#8221;30px&#8221;][\/vc_column][\/vc_row][vc_row][vc_column][vc_column_text]Archiviato con successo il Congresso <a href=\"https:\/\/giflex.it\/\" target=\"_blank\" rel=\"noopener\"><strong>Giflex<\/strong><\/a> &#8220;Imballaggio flessibile: in equilibrio nell&#8217;era della discontinuit\u00e0&#8221;. Un appuntamento desiderato e atteso come dimostrato dai numeri: oltre 250 partecipanti e 25 relatori hanno animato le due giornate di Congresso con panel, dibattiti e approfondimenti. Una due giorni che ha voluto fornire nuovi strumenti e disegnare una strada comune per il futuro dell&#8217;imballaggio flessibile, a partire da una storia di valore comune racchiusa in una nuova immagine identificativa.<\/p>\n<p>&#8220;La parola chiave di questi due giorni di congresso \u00e8 identit\u00e0&#8221;, ha commentato Alberto Palaveri, Presidente Giflex. &#8220;Abbiamo provato a dare una forma, quindi un logo e un claim &#8220;Leggerezza che avvolge&#8221;, all&#8217;imballaggio flessibile, per essere riconoscibili e poter comunicare meglio il nostro valore identitario. Una sintesi visiva e concettuale della storia del comparto per andare a definire un&#8217;immagine comune, una strategia comune e sinergie a livello di filiera per rispondere alle esigenze del mercato. Prima tra tutti il tema della sostenibilit\u00e0&#8221;.<\/p>\n<p>Il Congresso ha portato a Roma diversi esponenti politici, delle Universit\u00e0 e opinion leader, tra questi Maurizio Marchesini, Vice Presidente di Confindustria per le Filiere e le Media Imprese.<\/p>\n<p>&#8220;La sostenibilit\u00e0 \u00e8 un obiettivo che viaggia sulla filiera lunga, che parte dalla produzione agroalimentare e arriva alle nostre case&#8221;, ha dichiarato Marchesini. &#8220;Per Confindustria favorire i progetti che approcciano in maniera sistemica la sfida della sostenibilit\u00e0 \u00e8 un obiettivo di primaria importanza. Le imprese mostrano grande vitalit\u00e0 ma la scarsit\u00e0 e i rincari delle materie prime e dei costi di produzione saliti alle stelle a causa del caro energia, ne stanno minando pesantemente l&#8217;attivit\u00e0. In questo contesto, quindi, \u00e8 fondamentale agire in maniera coordinata per dare un&#8217;impronta comune a tutti i player della filiera&#8221;.[\/vc_column_text][\/vc_column][\/vc_row]<\/p>\n","protected":false},"excerpt":{"rendered":"<p>Dal congresso Giflex sono emersi due punti di forza per il futuro dell&#8217;imballaggio flessibile: l&#8217;identit\u00e0 del comparto e la sostenibilit\u00e0.<\/p>\n","protected":false},"author":4,"featured_media":8135,"comment_status":"open","ping_status":"open","sticky":false,"template":"","format":"standard","meta":{"footnotes":""},"categories":[313,469],"tags":[],"class_list":["post-8134","post","type-post","status-publish","format-standard","has-post-thumbnail","hentry","category-articoli-attualita","category-attualita-per-tecnologie-alimentari"],"yoast_head":"<!-- This site is optimized with the Yoast SEO plugin v21.9.1 - https:\/\/yoast.com\/wordpress\/plugins\/seo\/ -->\n<title>Giflex: il futuro dell&#039;imballaggio flessibile \u00e8 nella sua identit\u00e0 - Tecnologie Alimentari<\/title>\n<meta name=\"description\" content=\"Dal congresso Giflex sono emersi due punti di forza per il futuro dell&#039;imballaggio flessibile: l&#039;identit\u00e0 del comparto e la sostenibilit\u00e0.\" \/>\n<meta name=\"robots\" content=\"index, follow, max-snippet:-1, max-image-preview:large, max-video-preview:-1\" \/>\n<link rel=\"canonical\" href=\"https:\/\/interprogettied.com\/tecnologiealimentari\/2022\/07\/giflex-dare-identita-allimballaggio-flessibile\/\" \/>\n<meta property=\"og:locale\" content=\"it_IT\" \/>\n<meta property=\"og:type\" content=\"article\" \/>\n<meta property=\"og:title\" content=\"Giflex: il futuro dell&#039;imballaggio flessibile \u00e8 nella sua identit\u00e0 - Tecnologie Alimentari\" \/>\n<meta property=\"og:description\" content=\"Dal congresso Giflex sono emersi due punti di forza per il futuro dell&#039;imballaggio flessibile: l&#039;identit\u00e0 del comparto e la sostenibilit\u00e0.\" \/>\n<meta property=\"og:url\" content=\"https:\/\/interprogettied.com\/tecnologiealimentari\/2022\/07\/giflex-dare-identita-allimballaggio-flessibile\/\" \/>\n<meta property=\"og:site_name\" content=\"Tecnologie Alimentari\" \/>\n<meta property=\"article:published_time\" content=\"2022-07-01T07:00:10+00:00\" \/>\n<meta property=\"article:modified_time\" content=\"2022-06-30T10:17:42+00:00\" \/>\n<meta property=\"og:image\" content=\"https:\/\/interprogettied.com\/tecnologiealimentari\/wp-content\/uploads\/2022\/06\/foto-221.jpeg\" \/>\n\t<meta property=\"og:image:width\" content=\"1200\" \/>\n\t<meta property=\"og:image:height\" content=\"799\" \/>\n\t<meta property=\"og:image:type\" content=\"image\/jpeg\" \/>\n<meta name=\"author\" content=\"InterP920\" \/>\n<meta name=\"twitter:card\" content=\"summary_large_image\" \/>\n<meta name=\"twitter:label1\" content=\"Scritto da\" \/>\n\t<meta name=\"twitter:data1\" content=\"InterP920\" \/>\n\t<meta name=\"twitter:label2\" content=\"Tempo di lettura stimato\" \/>\n\t<meta name=\"twitter:data2\" content=\"2 minuti\" \/>\n<script type=\"application\/ld+json\" class=\"yoast-schema-graph\">{\"@context\":\"https:\/\/schema.org\",\"@graph\":[{\"@type\":\"WebPage\",\"@id\":\"https:\/\/interprogettied.com\/tecnologiealimentari\/2022\/07\/giflex-dare-identita-allimballaggio-flessibile\/\",\"url\":\"https:\/\/interprogettied.com\/tecnologiealimentari\/2022\/07\/giflex-dare-identita-allimballaggio-flessibile\/\",\"name\":\"Giflex: il futuro dell'imballaggio flessibile \u00e8 nella sua identit\u00e0 - Tecnologie Alimentari\",\"isPartOf\":{\"@id\":\"https:\/\/interprogettied.com\/tecnologiealimentari\/#website\"},\"datePublished\":\"2022-07-01T07:00:10+00:00\",\"dateModified\":\"2022-06-30T10:17:42+00:00\",\"author\":{\"@id\":\"https:\/\/interprogettied.com\/tecnologiealimentari\/#\/schema\/person\/c7448c7ca13e57e26cf76bb292c7c255\"},\"description\":\"Dal congresso Giflex sono emersi due punti di forza per il futuro dell'imballaggio flessibile: l'identit\u00e0 del comparto e la sostenibilit\u00e0.\",\"breadcrumb\":{\"@id\":\"https:\/\/interprogettied.com\/tecnologiealimentari\/2022\/07\/giflex-dare-identita-allimballaggio-flessibile\/#breadcrumb\"},\"inLanguage\":\"it-IT\",\"potentialAction\":[{\"@type\":\"ReadAction\",\"target\":[\"https:\/\/interprogettied.com\/tecnologiealimentari\/2022\/07\/giflex-dare-identita-allimballaggio-flessibile\/\"]}]},{\"@type\":\"BreadcrumbList\",\"@id\":\"https:\/\/interprogettied.com\/tecnologiealimentari\/2022\/07\/giflex-dare-identita-allimballaggio-flessibile\/#breadcrumb\",\"itemListElement\":[{\"@type\":\"ListItem\",\"position\":1,\"name\":\"Home\",\"item\":\"https:\/\/interprogettied.com\/tecnologiealimentari\/\"},{\"@type\":\"ListItem\",\"position\":2,\"name\":\"Giflex: il futuro dell&#8217;imballaggio flessibile \u00e8 nella sua identit\u00e0\"}]},{\"@type\":\"WebSite\",\"@id\":\"https:\/\/interprogettied.com\/tecnologiealimentari\/#website\",\"url\":\"https:\/\/interprogettied.com\/tecnologiealimentari\/\",\"name\":\"Tecnologie Alimentari\",\"description\":\"Interprogetti editori\",\"potentialAction\":[{\"@type\":\"SearchAction\",\"target\":{\"@type\":\"EntryPoint\",\"urlTemplate\":\"https:\/\/interprogettied.com\/tecnologiealimentari\/?s={search_term_string}\"},\"query-input\":\"required name=search_term_string\"}],\"inLanguage\":\"it-IT\"},{\"@type\":\"Person\",\"@id\":\"https:\/\/interprogettied.com\/tecnologiealimentari\/#\/schema\/person\/c7448c7ca13e57e26cf76bb292c7c255\",\"name\":\"InterP920\",\"image\":{\"@type\":\"ImageObject\",\"inLanguage\":\"it-IT\",\"@id\":\"https:\/\/interprogettied.com\/tecnologiealimentari\/#\/schema\/person\/image\/\",\"url\":\"https:\/\/secure.gravatar.com\/avatar\/93644f5d9e0eed887188f5bbdaee0341ce103847fc5e89f1d467e514be324899?s=96&d=mm&r=g\",\"contentUrl\":\"https:\/\/secure.gravatar.com\/avatar\/93644f5d9e0eed887188f5bbdaee0341ce103847fc5e89f1d467e514be324899?s=96&d=mm&r=g\",\"caption\":\"InterP920\"},\"url\":\"https:\/\/interprogettied.com\/tecnologiealimentari\/author\/interp920\/\"}]}<\/script>\n<!-- \/ Yoast SEO plugin. -->","yoast_head_json":{"title":"Giflex: il futuro dell'imballaggio flessibile \u00e8 nella sua identit\u00e0 - Tecnologie Alimentari","description":"Dal congresso Giflex sono emersi due punti di forza per il futuro dell'imballaggio flessibile: l'identit\u00e0 del comparto e la sostenibilit\u00e0.","robots":{"index":"index","follow":"follow","max-snippet":"max-snippet:-1","max-image-preview":"max-image-preview:large","max-video-preview":"max-video-preview:-1"},"canonical":"https:\/\/interprogettied.com\/tecnologiealimentari\/2022\/07\/giflex-dare-identita-allimballaggio-flessibile\/","og_locale":"it_IT","og_type":"article","og_title":"Giflex: il futuro dell'imballaggio flessibile \u00e8 nella sua identit\u00e0 - Tecnologie Alimentari","og_description":"Dal congresso Giflex sono emersi due punti di forza per il futuro dell'imballaggio flessibile: l'identit\u00e0 del comparto e la sostenibilit\u00e0.","og_url":"https:\/\/interprogettied.com\/tecnologiealimentari\/2022\/07\/giflex-dare-identita-allimballaggio-flessibile\/","og_site_name":"Tecnologie Alimentari","article_published_time":"2022-07-01T07:00:10+00:00","article_modified_time":"2022-06-30T10:17:42+00:00","og_image":[{"width":1200,"height":799,"url":"https:\/\/interprogettied.com\/tecnologiealimentari\/wp-content\/uploads\/2022\/06\/foto-221.jpeg","type":"image\/jpeg"}],"author":"InterP920","twitter_card":"summary_large_image","twitter_misc":{"Scritto da":"InterP920","Tempo di lettura stimato":"2 minuti"},"schema":{"@context":"https:\/\/schema.org","@graph":[{"@type":"WebPage","@id":"https:\/\/interprogettied.com\/tecnologiealimentari\/2022\/07\/giflex-dare-identita-allimballaggio-flessibile\/","url":"https:\/\/interprogettied.com\/tecnologiealimentari\/2022\/07\/giflex-dare-identita-allimballaggio-flessibile\/","name":"Giflex: il futuro dell'imballaggio flessibile \u00e8 nella sua identit\u00e0 - Tecnologie Alimentari","isPartOf":{"@id":"https:\/\/interprogettied.com\/tecnologiealimentari\/#website"},"datePublished":"2022-07-01T07:00:10+00:00","dateModified":"2022-06-30T10:17:42+00:00","author":{"@id":"https:\/\/interprogettied.com\/tecnologiealimentari\/#\/schema\/person\/c7448c7ca13e57e26cf76bb292c7c255"},"description":"Dal congresso Giflex sono emersi due punti di forza per il futuro dell'imballaggio flessibile: l'identit\u00e0 del comparto e la sostenibilit\u00e0.","breadcrumb":{"@id":"https:\/\/interprogettied.com\/tecnologiealimentari\/2022\/07\/giflex-dare-identita-allimballaggio-flessibile\/#breadcrumb"},"inLanguage":"it-IT","potentialAction":[{"@type":"ReadAction","target":["https:\/\/interprogettied.com\/tecnologiealimentari\/2022\/07\/giflex-dare-identita-allimballaggio-flessibile\/"]}]},{"@type":"BreadcrumbList","@id":"https:\/\/interprogettied.com\/tecnologiealimentari\/2022\/07\/giflex-dare-identita-allimballaggio-flessibile\/#breadcrumb","itemListElement":[{"@type":"ListItem","position":1,"name":"Home","item":"https:\/\/interprogettied.com\/tecnologiealimentari\/"},{"@type":"ListItem","position":2,"name":"Giflex: il futuro dell&#8217;imballaggio flessibile \u00e8 nella sua identit\u00e0"}]},{"@type":"WebSite","@id":"https:\/\/interprogettied.com\/tecnologiealimentari\/#website","url":"https:\/\/interprogettied.com\/tecnologiealimentari\/","name":"Tecnologie Alimentari","description":"Interprogetti editori","potentialAction":[{"@type":"SearchAction","target":{"@type":"EntryPoint","urlTemplate":"https:\/\/interprogettied.com\/tecnologiealimentari\/?s={search_term_string}"},"query-input":"required name=search_term_string"}],"inLanguage":"it-IT"},{"@type":"Person","@id":"https:\/\/interprogettied.com\/tecnologiealimentari\/#\/schema\/person\/c7448c7ca13e57e26cf76bb292c7c255","name":"InterP920","image":{"@type":"ImageObject","inLanguage":"it-IT","@id":"https:\/\/interprogettied.com\/tecnologiealimentari\/#\/schema\/person\/image\/","url":"https:\/\/secure.gravatar.com\/avatar\/93644f5d9e0eed887188f5bbdaee0341ce103847fc5e89f1d467e514be324899?s=96&d=mm&r=g","contentUrl":"https:\/\/secure.gravatar.com\/avatar\/93644f5d9e0eed887188f5bbdaee0341ce103847fc5e89f1d467e514be324899?s=96&d=mm&r=g","caption":"InterP920"},"url":"https:\/\/interprogettied.com\/tecnologiealimentari\/author\/interp920\/"}]}},"_links":{"self":[{"href":"https:\/\/interprogettied.com\/tecnologiealimentari\/wp-json\/wp\/v2\/posts\/8134","targetHints":{"allow":["GET"]}}],"collection":[{"href":"https:\/\/interprogettied.com\/tecnologiealimentari\/wp-json\/wp\/v2\/posts"}],"about":[{"href":"https:\/\/interprogettied.com\/tecnologiealimentari\/wp-json\/wp\/v2\/types\/post"}],"author":[{"embeddable":true,"href":"https:\/\/interprogettied.com\/tecnologiealimentari\/wp-json\/wp\/v2\/users\/4"}],"replies":[{"embeddable":true,"href":"https:\/\/interprogettied.com\/tecnologiealimentari\/wp-json\/wp\/v2\/comments?post=8134"}],"version-history":[{"count":4,"href":"https:\/\/interprogettied.com\/tecnologiealimentari\/wp-json\/wp\/v2\/posts\/8134\/revisions"}],"predecessor-version":[{"id":8139,"href":"https:\/\/interprogettied.com\/tecnologiealimentari\/wp-json\/wp\/v2\/posts\/8134\/revisions\/8139"}],"wp:featuredmedia":[{"embeddable":true,"href":"https:\/\/interprogettied.com\/tecnologiealimentari\/wp-json\/wp\/v2\/media\/8135"}],"wp:attachment":[{"href":"https:\/\/interprogettied.com\/tecnologiealimentari\/wp-json\/wp\/v2\/media?parent=8134"}],"wp:term":[{"taxonomy":"category","embeddable":true,"href":"https:\/\/interprogettied.com\/tecnologiealimentari\/wp-json\/wp\/v2\/categories?post=8134"},{"taxonomy":"post_tag","embeddable":true,"href":"https:\/\/interprogettied.com\/tecnologiealimentari\/wp-json\/wp\/v2\/tags?post=8134"}],"curies":[{"name":"wp","href":"https:\/\/api.w.org\/{rel}","templated":true}]}}