{"id":8079,"date":"2022-06-22T09:00:11","date_gmt":"2022-06-22T07:00:11","guid":{"rendered":"https:\/\/interprogettied.com\/tecnologiealimentari?p=8079"},"modified":"2022-06-21T12:26:39","modified_gmt":"2022-06-21T10:26:39","slug":"giflex-limballaggio-flessibile-ha-il-suo-simbolo-identificativo","status":"publish","type":"post","link":"https:\/\/interprogettied.com\/tecnologiealimentari\/2022\/06\/giflex-limballaggio-flessibile-ha-il-suo-simbolo-identificativo\/","title":{"rendered":"Giflex: l&#8217;imballaggio flessibile ha il suo simbolo identificativo"},"content":{"rendered":"<p>[vc_row][vc_column][vc_single_image image=&#8221;8086&#8243; img_size=&#8221;2000&#215;1000&#8243; alignment=&#8221;center&#8221;][vc_empty_space height=&#8221;30px&#8221;][\/vc_column][\/vc_row][vc_row][vc_column][vc_column_text]\u00c8 un pittogramma semplice ma che allude a molti elementi tipici dell\u2019imballaggio flessibile. \u00c8 composto da due fogli sottili che si chiudono come a contenere, con delicatezza, lo spazio. Una sintesi della funzione dell\u2019imballaggio.<\/p>\n<p>Fluttua nell\u2019aria, leggero e crea un effetto tridimensionale. La circolarit\u00e0 del movimento del logo allude alla circolarit\u00e0 della filiera dei materiali e crea un\u2019allusione ai materiali diversi di cui sono composti gli imballaggi rappresentati dagli associati <a href=\"https:\/\/giflex.it\/\" target=\"_blank\" rel=\"noopener\"><strong>Giflex<\/strong><\/a>.<\/p>\n<p>\u201cSiamo designer e come tali dobbiamo fare un\u2019opera di sintesi. Ovvero, tra le nostre tante nature trovare ci\u00f2 che ci identifica e ci aiuta a raccontare con semplicit\u00e0 e chiarezza il nostro valore identitario\u201d ha raccontato Alberto Palaveri durante la presentazione al Congresso di Roma del nuovo simbolo e linea di comunicazione che favoriranno le attivit\u00e0 di comunicazione, lobbying e advocacy dell\u2019Associazione nei prossimi mesi.<\/p>\n<p>\u201cPer essere riconosciuti, dobbiamo essere riconoscibili e per difendere i nostri valori dobbiamo creare valore. \u2013 Ha continuato Palaveri \u2013 Il nostro nuovo viaggio verso inizia da questo simbolo leggero, moderno, dal sapore di design quasi industriale ma allo stesso tempo morbido, allegro, positivo.\u201d<\/p>\n<p>Un simbolo che include in s\u00e9 unicit\u00e0 ed essenzialit\u00e0 dell\u2019imballaggio flessibile, risultato di ingegno creativo e innovazione tecnologica costante, per garantire la massima sicurezza e qualit\u00e0 dei prodotti che consumiamo ogni giorno.<\/p>\n<p>Perch\u00e9 il valore dell\u2019imballaggio flessibile, in termini economici, sociali, tecnologici e ambientali, rappresenta un patrimonio sempre pi\u00f9 importante per lo sviluppo dell\u2019economia e le esigenze dei consumatori.<\/p>\n<p>Perch\u00e9 gli imballaggi flessibili sono leggerezza che avvolge.[\/vc_column_text][vc_empty_space height=&#8221;30px&#8221;][\/vc_column][\/vc_row][vc_row][vc_column][vc_single_image image=&#8221;8082&#8243; img_size=&#8221;400&#215;300&#8243; add_caption=&#8221;yes&#8221; alignment=&#8221;center&#8221;][\/vc_column][\/vc_row]<\/p>\n","protected":false},"excerpt":{"rendered":"<p>L\u2019imballaggio flessibile ora ha un proprio simbolo identificativo. La circolarit\u00e0 del movimento del logo allude alla circolarit\u00e0 della filiera dei materiali e crea un\u2019allusione ai materiali diversi di cui sono composti gli imballaggi rappresentati dagli associati Giflex.<\/p>\n","protected":false},"author":4,"featured_media":8086,"comment_status":"open","ping_status":"open","sticky":false,"template":"","format":"standard","meta":{"footnotes":""},"categories":[313,469],"tags":[],"class_list":["post-8079","post","type-post","status-publish","format-standard","has-post-thumbnail","hentry","category-articoli-attualita","category-attualita-per-tecnologie-alimentari"],"yoast_head":"<!-- This site is optimized with the Yoast SEO plugin v21.9.1 - https:\/\/yoast.com\/wordpress\/plugins\/seo\/ -->\n<title>Giflex: l&#039;imballaggio flessibile ha il suo simbolo identificativo - Tecnologie Alimentari<\/title>\n<meta name=\"description\" content=\"L\u2019imballaggio flessibile ora ha un proprio simbolo identificativo. La circolarit\u00e0 del movimento del logo allude alla circolarit\u00e0 della filiera dei materiali e crea un\u2019allusione ai materiali diversi di cui sono composti gli imballaggi rappresentati dagli associati Giflex.\" \/>\n<meta name=\"robots\" content=\"index, follow, max-snippet:-1, max-image-preview:large, max-video-preview:-1\" \/>\n<link rel=\"canonical\" href=\"https:\/\/interprogettied.com\/tecnologiealimentari\/2022\/06\/giflex-limballaggio-flessibile-ha-il-suo-simbolo-identificativo\/\" \/>\n<meta property=\"og:locale\" content=\"it_IT\" \/>\n<meta property=\"og:type\" content=\"article\" \/>\n<meta property=\"og:title\" content=\"Giflex: l&#039;imballaggio flessibile ha il suo simbolo identificativo - Tecnologie Alimentari\" \/>\n<meta property=\"og:description\" content=\"L\u2019imballaggio flessibile ora ha un proprio simbolo identificativo. La circolarit\u00e0 del movimento del logo allude alla circolarit\u00e0 della filiera dei materiali e crea un\u2019allusione ai materiali diversi di cui sono composti gli imballaggi rappresentati dagli associati Giflex.\" \/>\n<meta property=\"og:url\" content=\"https:\/\/interprogettied.com\/tecnologiealimentari\/2022\/06\/giflex-limballaggio-flessibile-ha-il-suo-simbolo-identificativo\/\" \/>\n<meta property=\"og:site_name\" content=\"Tecnologie Alimentari\" \/>\n<meta property=\"article:published_time\" content=\"2022-06-22T07:00:11+00:00\" \/>\n<meta property=\"article:modified_time\" content=\"2022-06-21T10:26:39+00:00\" \/>\n<meta property=\"og:image\" content=\"https:\/\/interprogettied.com\/tecnologiealimentari\/wp-content\/uploads\/2022\/06\/presentation-of-blank-sealed-white-packages-with-product-inside-ready-for-sale-and-delivery-scaled.jpg\" \/>\n\t<meta property=\"og:image:width\" content=\"2560\" \/>\n\t<meta property=\"og:image:height\" content=\"1707\" \/>\n\t<meta property=\"og:image:type\" content=\"image\/jpeg\" \/>\n<meta name=\"author\" content=\"InterP920\" \/>\n<meta name=\"twitter:card\" content=\"summary_large_image\" \/>\n<meta name=\"twitter:label1\" content=\"Scritto da\" \/>\n\t<meta name=\"twitter:data1\" content=\"InterP920\" \/>\n\t<meta name=\"twitter:label2\" content=\"Tempo di lettura stimato\" \/>\n\t<meta name=\"twitter:data2\" content=\"2 minuti\" \/>\n<script type=\"application\/ld+json\" class=\"yoast-schema-graph\">{\"@context\":\"https:\/\/schema.org\",\"@graph\":[{\"@type\":\"WebPage\",\"@id\":\"https:\/\/interprogettied.com\/tecnologiealimentari\/2022\/06\/giflex-limballaggio-flessibile-ha-il-suo-simbolo-identificativo\/\",\"url\":\"https:\/\/interprogettied.com\/tecnologiealimentari\/2022\/06\/giflex-limballaggio-flessibile-ha-il-suo-simbolo-identificativo\/\",\"name\":\"Giflex: l'imballaggio flessibile ha il suo simbolo identificativo - Tecnologie Alimentari\",\"isPartOf\":{\"@id\":\"https:\/\/interprogettied.com\/tecnologiealimentari\/#website\"},\"datePublished\":\"2022-06-22T07:00:11+00:00\",\"dateModified\":\"2022-06-21T10:26:39+00:00\",\"author\":{\"@id\":\"https:\/\/interprogettied.com\/tecnologiealimentari\/#\/schema\/person\/c7448c7ca13e57e26cf76bb292c7c255\"},\"description\":\"L\u2019imballaggio flessibile ora ha un proprio simbolo identificativo. La circolarit\u00e0 del movimento del logo allude alla circolarit\u00e0 della filiera dei materiali e crea un\u2019allusione ai materiali diversi di cui sono composti gli imballaggi rappresentati dagli associati Giflex.\",\"breadcrumb\":{\"@id\":\"https:\/\/interprogettied.com\/tecnologiealimentari\/2022\/06\/giflex-limballaggio-flessibile-ha-il-suo-simbolo-identificativo\/#breadcrumb\"},\"inLanguage\":\"it-IT\",\"potentialAction\":[{\"@type\":\"ReadAction\",\"target\":[\"https:\/\/interprogettied.com\/tecnologiealimentari\/2022\/06\/giflex-limballaggio-flessibile-ha-il-suo-simbolo-identificativo\/\"]}]},{\"@type\":\"BreadcrumbList\",\"@id\":\"https:\/\/interprogettied.com\/tecnologiealimentari\/2022\/06\/giflex-limballaggio-flessibile-ha-il-suo-simbolo-identificativo\/#breadcrumb\",\"itemListElement\":[{\"@type\":\"ListItem\",\"position\":1,\"name\":\"Home\",\"item\":\"https:\/\/interprogettied.com\/tecnologiealimentari\/\"},{\"@type\":\"ListItem\",\"position\":2,\"name\":\"Giflex: l&#8217;imballaggio flessibile ha il suo simbolo identificativo\"}]},{\"@type\":\"WebSite\",\"@id\":\"https:\/\/interprogettied.com\/tecnologiealimentari\/#website\",\"url\":\"https:\/\/interprogettied.com\/tecnologiealimentari\/\",\"name\":\"Tecnologie Alimentari\",\"description\":\"Interprogetti editori\",\"potentialAction\":[{\"@type\":\"SearchAction\",\"target\":{\"@type\":\"EntryPoint\",\"urlTemplate\":\"https:\/\/interprogettied.com\/tecnologiealimentari\/?s={search_term_string}\"},\"query-input\":\"required name=search_term_string\"}],\"inLanguage\":\"it-IT\"},{\"@type\":\"Person\",\"@id\":\"https:\/\/interprogettied.com\/tecnologiealimentari\/#\/schema\/person\/c7448c7ca13e57e26cf76bb292c7c255\",\"name\":\"InterP920\",\"image\":{\"@type\":\"ImageObject\",\"inLanguage\":\"it-IT\",\"@id\":\"https:\/\/interprogettied.com\/tecnologiealimentari\/#\/schema\/person\/image\/\",\"url\":\"https:\/\/secure.gravatar.com\/avatar\/93644f5d9e0eed887188f5bbdaee0341ce103847fc5e89f1d467e514be324899?s=96&d=mm&r=g\",\"contentUrl\":\"https:\/\/secure.gravatar.com\/avatar\/93644f5d9e0eed887188f5bbdaee0341ce103847fc5e89f1d467e514be324899?s=96&d=mm&r=g\",\"caption\":\"InterP920\"},\"url\":\"https:\/\/interprogettied.com\/tecnologiealimentari\/author\/interp920\/\"}]}<\/script>\n<!-- \/ Yoast SEO plugin. -->","yoast_head_json":{"title":"Giflex: l'imballaggio flessibile ha il suo simbolo identificativo - Tecnologie Alimentari","description":"L\u2019imballaggio flessibile ora ha un proprio simbolo identificativo. La circolarit\u00e0 del movimento del logo allude alla circolarit\u00e0 della filiera dei materiali e crea un\u2019allusione ai materiali diversi di cui sono composti gli imballaggi rappresentati dagli associati Giflex.","robots":{"index":"index","follow":"follow","max-snippet":"max-snippet:-1","max-image-preview":"max-image-preview:large","max-video-preview":"max-video-preview:-1"},"canonical":"https:\/\/interprogettied.com\/tecnologiealimentari\/2022\/06\/giflex-limballaggio-flessibile-ha-il-suo-simbolo-identificativo\/","og_locale":"it_IT","og_type":"article","og_title":"Giflex: l'imballaggio flessibile ha il suo simbolo identificativo - Tecnologie Alimentari","og_description":"L\u2019imballaggio flessibile ora ha un proprio simbolo identificativo. La circolarit\u00e0 del movimento del logo allude alla circolarit\u00e0 della filiera dei materiali e crea un\u2019allusione ai materiali diversi di cui sono composti gli imballaggi rappresentati dagli associati Giflex.","og_url":"https:\/\/interprogettied.com\/tecnologiealimentari\/2022\/06\/giflex-limballaggio-flessibile-ha-il-suo-simbolo-identificativo\/","og_site_name":"Tecnologie Alimentari","article_published_time":"2022-06-22T07:00:11+00:00","article_modified_time":"2022-06-21T10:26:39+00:00","og_image":[{"width":2560,"height":1707,"url":"https:\/\/interprogettied.com\/tecnologiealimentari\/wp-content\/uploads\/2022\/06\/presentation-of-blank-sealed-white-packages-with-product-inside-ready-for-sale-and-delivery-scaled.jpg","type":"image\/jpeg"}],"author":"InterP920","twitter_card":"summary_large_image","twitter_misc":{"Scritto da":"InterP920","Tempo di lettura stimato":"2 minuti"},"schema":{"@context":"https:\/\/schema.org","@graph":[{"@type":"WebPage","@id":"https:\/\/interprogettied.com\/tecnologiealimentari\/2022\/06\/giflex-limballaggio-flessibile-ha-il-suo-simbolo-identificativo\/","url":"https:\/\/interprogettied.com\/tecnologiealimentari\/2022\/06\/giflex-limballaggio-flessibile-ha-il-suo-simbolo-identificativo\/","name":"Giflex: l'imballaggio flessibile ha il suo simbolo identificativo - Tecnologie Alimentari","isPartOf":{"@id":"https:\/\/interprogettied.com\/tecnologiealimentari\/#website"},"datePublished":"2022-06-22T07:00:11+00:00","dateModified":"2022-06-21T10:26:39+00:00","author":{"@id":"https:\/\/interprogettied.com\/tecnologiealimentari\/#\/schema\/person\/c7448c7ca13e57e26cf76bb292c7c255"},"description":"L\u2019imballaggio flessibile ora ha un proprio simbolo identificativo. La circolarit\u00e0 del movimento del logo allude alla circolarit\u00e0 della filiera dei materiali e crea un\u2019allusione ai materiali diversi di cui sono composti gli imballaggi rappresentati dagli associati Giflex.","breadcrumb":{"@id":"https:\/\/interprogettied.com\/tecnologiealimentari\/2022\/06\/giflex-limballaggio-flessibile-ha-il-suo-simbolo-identificativo\/#breadcrumb"},"inLanguage":"it-IT","potentialAction":[{"@type":"ReadAction","target":["https:\/\/interprogettied.com\/tecnologiealimentari\/2022\/06\/giflex-limballaggio-flessibile-ha-il-suo-simbolo-identificativo\/"]}]},{"@type":"BreadcrumbList","@id":"https:\/\/interprogettied.com\/tecnologiealimentari\/2022\/06\/giflex-limballaggio-flessibile-ha-il-suo-simbolo-identificativo\/#breadcrumb","itemListElement":[{"@type":"ListItem","position":1,"name":"Home","item":"https:\/\/interprogettied.com\/tecnologiealimentari\/"},{"@type":"ListItem","position":2,"name":"Giflex: l&#8217;imballaggio flessibile ha il suo simbolo identificativo"}]},{"@type":"WebSite","@id":"https:\/\/interprogettied.com\/tecnologiealimentari\/#website","url":"https:\/\/interprogettied.com\/tecnologiealimentari\/","name":"Tecnologie Alimentari","description":"Interprogetti editori","potentialAction":[{"@type":"SearchAction","target":{"@type":"EntryPoint","urlTemplate":"https:\/\/interprogettied.com\/tecnologiealimentari\/?s={search_term_string}"},"query-input":"required name=search_term_string"}],"inLanguage":"it-IT"},{"@type":"Person","@id":"https:\/\/interprogettied.com\/tecnologiealimentari\/#\/schema\/person\/c7448c7ca13e57e26cf76bb292c7c255","name":"InterP920","image":{"@type":"ImageObject","inLanguage":"it-IT","@id":"https:\/\/interprogettied.com\/tecnologiealimentari\/#\/schema\/person\/image\/","url":"https:\/\/secure.gravatar.com\/avatar\/93644f5d9e0eed887188f5bbdaee0341ce103847fc5e89f1d467e514be324899?s=96&d=mm&r=g","contentUrl":"https:\/\/secure.gravatar.com\/avatar\/93644f5d9e0eed887188f5bbdaee0341ce103847fc5e89f1d467e514be324899?s=96&d=mm&r=g","caption":"InterP920"},"url":"https:\/\/interprogettied.com\/tecnologiealimentari\/author\/interp920\/"}]}},"_links":{"self":[{"href":"https:\/\/interprogettied.com\/tecnologiealimentari\/wp-json\/wp\/v2\/posts\/8079","targetHints":{"allow":["GET"]}}],"collection":[{"href":"https:\/\/interprogettied.com\/tecnologiealimentari\/wp-json\/wp\/v2\/posts"}],"about":[{"href":"https:\/\/interprogettied.com\/tecnologiealimentari\/wp-json\/wp\/v2\/types\/post"}],"author":[{"embeddable":true,"href":"https:\/\/interprogettied.com\/tecnologiealimentari\/wp-json\/wp\/v2\/users\/4"}],"replies":[{"embeddable":true,"href":"https:\/\/interprogettied.com\/tecnologiealimentari\/wp-json\/wp\/v2\/comments?post=8079"}],"version-history":[{"count":4,"href":"https:\/\/interprogettied.com\/tecnologiealimentari\/wp-json\/wp\/v2\/posts\/8079\/revisions"}],"predecessor-version":[{"id":8084,"href":"https:\/\/interprogettied.com\/tecnologiealimentari\/wp-json\/wp\/v2\/posts\/8079\/revisions\/8084"}],"wp:featuredmedia":[{"embeddable":true,"href":"https:\/\/interprogettied.com\/tecnologiealimentari\/wp-json\/wp\/v2\/media\/8086"}],"wp:attachment":[{"href":"https:\/\/interprogettied.com\/tecnologiealimentari\/wp-json\/wp\/v2\/media?parent=8079"}],"wp:term":[{"taxonomy":"category","embeddable":true,"href":"https:\/\/interprogettied.com\/tecnologiealimentari\/wp-json\/wp\/v2\/categories?post=8079"},{"taxonomy":"post_tag","embeddable":true,"href":"https:\/\/interprogettied.com\/tecnologiealimentari\/wp-json\/wp\/v2\/tags?post=8079"}],"curies":[{"name":"wp","href":"https:\/\/api.w.org\/{rel}","templated":true}]}}