{"id":8065,"date":"2022-06-20T09:00:05","date_gmt":"2022-06-20T07:00:05","guid":{"rendered":"https:\/\/interprogettied.com\/tecnologiealimentari?p=8065"},"modified":"2022-06-17T09:21:57","modified_gmt":"2022-06-17T07:21:57","slug":"sana-2022-cambia-volto-il-salone-internazionale-del-biologico-e-del-naturale","status":"publish","type":"post","link":"https:\/\/interprogettied.com\/tecnologiealimentari\/2022\/06\/sana-2022-cambia-volto-il-salone-internazionale-del-biologico-e-del-naturale\/","title":{"rendered":"SANA 2022 cambia volto e si rinnova"},"content":{"rendered":"<p>[vc_row][vc_column][vc_single_image image=&#8221;8066&#8243; img_size=&#8221;2000&#215;1000&#8243; alignment=&#8221;center&#8221;][vc_empty_space height=&#8221;30px&#8221;][\/vc_column][\/vc_row][vc_row][vc_column][vc_column_text]<\/p>\n<div><\/div>\n<div>\n<p class=\"xmprfx_MsoNormal\">Bologna &#8211; Quattro giorni per fare il punto sul settore: appuntamento a <a href=\"https:\/\/www.sana.it\/home-page\/1229.html\" target=\"_blank\" rel=\"noopener\"><strong>SANA<\/strong><\/a> \u2013 Salone internazionale del biologico e del naturale per scoprire tutte le novit\u00e0 del comparto e partecipare all\u2019importante calendario di incontri e iniziative in programma.<\/p>\n<\/div>\n<div>\n<p class=\"xmprfx_MsoNormal\">La manifestazione, che si svolger\u00e0 dall\u20198 all\u201911 settembre 2022, \u00e8 organizzata da BolognaFiere con il patrocinio del Ministero della transizione ecologica, in collaborazione con AssoBio, FederBio e Cosmetica Italia, e con il supporto di ICE &#8211; Agenzia per la promozione all&#8217;estero e l&#8217;internazionalizzazione delle imprese italiane.<\/p>\n<p class=\"xmprfx_MsoNormal\">Luogo d\u2019incontro strategico per produttori, distributori, buyer nazionali e internazionali, SANA proporr\u00e0 un palinsesto di convegni, focus ed eventi diversificati per target e aree di interesse, in qualit\u00e0 di manifestazione chiave per tutti gli operatori dei settori FOOD, CARE &amp; BEAUTY e Green Lifestyle a orientamento biologico, naturale e sostenibile. Si richiamer\u00e0 inoltre l\u2019attenzione di comparti come quello dell\u2019horeca e dell\u2019hotellerie che a SANA scopriranno come potenziare e rilanciare la propria offerta di prodotto e di servizio nei confronti di un pubblico orientato al consumo di prodotti sani, biologici ed ecocompatibili.<\/p>\n<\/div>\n<div>\n<p class=\"xmprfx_MsoNormal\">Rivoluzione BIO, gli Stati generali del biologico, giunge quest\u2019anno alla quarta edizione e si prepara ad accogliere istituzioni, player della filiera ed esperti, che rifletteranno sulle priorit\u00e0 del settore a partire dalle implicazioni derivanti dalla recente approvazione della Legge sul Biologico.<\/p>\n<\/div>\n<div>\n<p class=\"xmprfx_MsoNormal\">Promossa da BolognaFiere, in collaborazione con FederBio e AssoBio e con la segreteria organizzativa di Nomisma, Rivoluzione BIO ospiter\u00e0 al suo interno la presentazione dei dati dell\u2019Osservatorio SANA, realizzato con il sostegno di ICE e dedicato all\u2019approfondimento degli ultimi trend del biologico.<\/p>\n<\/div>\n<div>\n<p class=\"xmprfx_MsoNormal\">Sul fronte dei consumi bio, gli ultimi dati registrano un incremento del 125% del giro d\u2019affari nell\u2019arco di 10 anni e, nel 2021, il raggiungimento della cifra di 4,6 miliardi di euro sul mercato interno (fonte: Nomisma). A confermare il ruolo strategico del biologico nell\u2019economia italiana arriva il 16% di superfici agricole destinate al settore (fonte: Rapporto 2022 dell\u2019Istituto di ricerca dell\u2019agricoltura biologica) che consegna all\u2019Italia il primato in Europa, primato che il Paese detiene anche sul numero di operatori coinvolti, pi\u00f9 di 94 mila tra agricoltori e trasformatori. A livello di consumi, il mercato domestico \u00e8 il terzo a livello europeo, dove gli acquisti bio incidono per 3,5% del totale.<\/p>\n<\/div>\n<div>\n<p class=\"xmprfx_MsoNormal\">Oltre all\u2019appuntamento con Rivoluzione Bio, \u00e8 particolarmente atteso quello con Sanatech, il Salone professionale dedicato alla filiera della produzione agroalimentare, zootecnica e del benessere, biologica ed ecosostenibile, promosso da BolognaFiere, con il sostegno di FederBio Servizi e la segreteria tecnico-scientifica di Avenue Media. Al centro di questa seconda edizione di SANATECH sar\u00e0 la filiera produttiva dell\u2019agricoltura biologica, insieme alle tecnologie innovative del biocontrollo, alla zootecnia, all\u2019agricoltura 4.0 e al packaging sostenibile, temi sempre pi\u00f9 trasversali per le aziende del biologico e non solo.<\/p>\n<\/div>\n<div><\/div>\n<p>[\/vc_column_text][vc_empty_space height=&#8221;30px&#8221;][\/vc_column][\/vc_row][vc_row][vc_column][vc_single_image image=&#8221;8067&#8243; img_size=&#8221;400&#215;300&#8243; alignment=&#8221;center&#8221;][vc_empty_space height=&#8221;30px&#8221;][\/vc_column][\/vc_row][vc_row][vc_column][vc_column_text]<\/p>\n<div>\n<p class=\"xmprfx_MsoNormal\">Cambia volto La Via delle Erbe, l\u2019iniziativa organizzata in collaborazione con Tecniche Nuove e la sua rivista L\u2019erborista: obiettivo della rassegna \u00e8 valorizzare storia, propriet\u00e0, benefici e potenzialit\u00e0 d\u2019uso delle piante attraverso una mostra dedicata, che quest\u2019anno avr\u00e0 per focus le Erbe Blu, e una serie di convegni e talk per gli erboristi a cura degli esperti del settore.<\/p>\n<p class=\"xmprfx_MsoNormal\">Il mercato globale degli alimenti per la colazione ha raggiunto i 400 miliardi di dollari nel 2020, e si prevede che possa sfiorare il raddoppio entro il 2030, arrivando a toccare i 730 miliardi di dollari (fonte: Allied Market Research). In questo scenario giocano un ruolo decisivo i prodotti biologici e naturali: proprio a questo tipo di alimenti, unitamente a quelli per l\u2019aperitivo biologico, il Salone dedicher\u00e0 spazi di approfondimento. Ci si concentrer\u00e0 su questi due momenti di consumo dando particolare risalto alle novit\u00e0 di prodotto e di servizio degli espositori e alla loro fruibilit\u00e0 nel mondo degli hotel, delle Spa, dei resort o nelle occasioni di relax a fine giornata nei luoghi deputati.<\/p>\n<\/div>\n<div>\n<p class=\"xmprfx_MsoNormal\">Per la prima volta a SANA le aziende espositrici possono presentare in anteprima i loro prodotti ai player italiani e stranieri: un\u2019importante occasione di visibilit\u00e0 gi\u00e0 operativa per tutti gli espositori iscritti nelle tre macro aree FOOD, CARE &amp; Beauty E Green Lifestyle.<\/p>\n<\/div>\n<div>\n<p class=\"xmprfx_MsoNormal\">Riflettori puntati dunque sulle novit\u00e0 di settore, visibili in preview dai buyer e ufficialmente presentate durante i giorni di manifestazione negli ampi spazi del Centro Servizi che nel 2019, ultimo anno della mostra in presenza, aveva ospitato oltre 950 referenze.<\/p>\n<\/div>\n<div>\n<p class=\"xmprfx_MsoNormal\">Il premio Sana Novit\u00e0 nelle tre categorie sar\u00e0 assegnato sulla base delle preferenze espresse dai visitatori durante i giorni di fiera. In pi\u00f9, a partire da quest\u2019anno, sar\u00e0 attribuito un ulteriore riconoscimento affidato alla valutazione dei buyer internazionali.<\/p>\n<\/div>\n<div>\n<p class=\"xmprfx_MsoNormal\">La manifestazione riprende il suo assetto pre-pandemia occupando 6 padiglioni del quartiere espositivo: il 28, il 29 e il 30 accoglieranno le aziende del settore FOOD e Sanatech con una panoramica completa della filiera agroalimentare, estesa ai nuovi trend di mercato, alle innovazioni e alla ricerca e un focus su tutto ci\u00f2 che \u00e8 alimentazione biologica, sana e giusta.<\/p>\n<\/div>\n<div>\n<p class=\"xmprfx_MsoNormal\">I padiglioni 25 e 26 ospiteranno l\u2019area Care &amp; Beauty dove saranno presenti le aziende produttrici e distributrici di cosmetici, prodotti per la cura del corpo naturale e bio, integratori ed erbe officinali, mentre al padiglione 21 si dar\u00e0 spazio al Green Lifestyle, con una proposta di prodotti e soluzioni pensati per il consumatore alla ricerca di uno stile di vita ecologico, socialmente ed ecologicamente responsabile.<\/p>\n<\/div>\n<p>[\/vc_column_text][\/vc_column][\/vc_row]<\/p>\n","protected":false},"excerpt":{"rendered":"<p>SANA, il Salone Internazionale del Biologico e del naturale, si svolger\u00e0 dall\u20198 all\u201911 settembre 2022, presso il centro fieristico di BolognaFiere.<\/p>\n","protected":false},"author":4,"featured_media":8066,"comment_status":"open","ping_status":"open","sticky":false,"template":"","format":"standard","meta":{"footnotes":""},"categories":[313,469],"tags":[],"class_list":["post-8065","post","type-post","status-publish","format-standard","has-post-thumbnail","hentry","category-articoli-attualita","category-attualita-per-tecnologie-alimentari"],"yoast_head":"<!-- This site is optimized with the Yoast SEO plugin v21.9.1 - https:\/\/yoast.com\/wordpress\/plugins\/seo\/ -->\n<title>SANA 2022 cambia volto e si rinnova - Tecnologie Alimentari<\/title>\n<meta name=\"description\" content=\"SANA, il Salone Internazionale del Biologico e del Naturale, si svolger\u00e0 dall\u20198 all\u201911 settembre 2022, presso il centro fieristico di BolognaFiere.\" \/>\n<meta name=\"robots\" content=\"index, follow, max-snippet:-1, max-image-preview:large, max-video-preview:-1\" \/>\n<link rel=\"canonical\" href=\"https:\/\/interprogettied.com\/tecnologiealimentari\/2022\/06\/sana-2022-cambia-volto-il-salone-internazionale-del-biologico-e-del-naturale\/\" \/>\n<meta property=\"og:locale\" content=\"it_IT\" \/>\n<meta property=\"og:type\" content=\"article\" \/>\n<meta property=\"og:title\" content=\"SANA 2022 cambia volto e si rinnova - Tecnologie Alimentari\" \/>\n<meta property=\"og:description\" content=\"SANA, il Salone Internazionale del Biologico e del Naturale, si svolger\u00e0 dall\u20198 all\u201911 settembre 2022, presso il centro fieristico di BolognaFiere.\" \/>\n<meta property=\"og:url\" content=\"https:\/\/interprogettied.com\/tecnologiealimentari\/2022\/06\/sana-2022-cambia-volto-il-salone-internazionale-del-biologico-e-del-naturale\/\" \/>\n<meta property=\"og:site_name\" content=\"Tecnologie Alimentari\" \/>\n<meta property=\"article:published_time\" content=\"2022-06-20T07:00:05+00:00\" \/>\n<meta property=\"article:modified_time\" content=\"2022-06-17T07:21:57+00:00\" \/>\n<meta property=\"og:image\" content=\"https:\/\/interprogettied.com\/tecnologiealimentari\/wp-content\/uploads\/2022\/06\/6AD45158EB0A7843995F751FE794C846.jpeg\" \/>\n\t<meta property=\"og:image:width\" content=\"1067\" \/>\n\t<meta property=\"og:image:height\" content=\"800\" \/>\n\t<meta property=\"og:image:type\" content=\"image\/jpeg\" \/>\n<meta name=\"author\" content=\"InterP920\" \/>\n<meta name=\"twitter:card\" content=\"summary_large_image\" \/>\n<meta name=\"twitter:label1\" content=\"Scritto da\" \/>\n\t<meta name=\"twitter:data1\" content=\"InterP920\" \/>\n\t<meta name=\"twitter:label2\" content=\"Tempo di lettura stimato\" \/>\n\t<meta name=\"twitter:data2\" content=\"4 minuti\" \/>\n<script type=\"application\/ld+json\" class=\"yoast-schema-graph\">{\"@context\":\"https:\/\/schema.org\",\"@graph\":[{\"@type\":\"WebPage\",\"@id\":\"https:\/\/interprogettied.com\/tecnologiealimentari\/2022\/06\/sana-2022-cambia-volto-il-salone-internazionale-del-biologico-e-del-naturale\/\",\"url\":\"https:\/\/interprogettied.com\/tecnologiealimentari\/2022\/06\/sana-2022-cambia-volto-il-salone-internazionale-del-biologico-e-del-naturale\/\",\"name\":\"SANA 2022 cambia volto e si rinnova - Tecnologie Alimentari\",\"isPartOf\":{\"@id\":\"https:\/\/interprogettied.com\/tecnologiealimentari\/#website\"},\"datePublished\":\"2022-06-20T07:00:05+00:00\",\"dateModified\":\"2022-06-17T07:21:57+00:00\",\"author\":{\"@id\":\"https:\/\/interprogettied.com\/tecnologiealimentari\/#\/schema\/person\/c7448c7ca13e57e26cf76bb292c7c255\"},\"description\":\"SANA, il Salone Internazionale del Biologico e del Naturale, si svolger\u00e0 dall\u20198 all\u201911 settembre 2022, presso il centro fieristico di BolognaFiere.\",\"breadcrumb\":{\"@id\":\"https:\/\/interprogettied.com\/tecnologiealimentari\/2022\/06\/sana-2022-cambia-volto-il-salone-internazionale-del-biologico-e-del-naturale\/#breadcrumb\"},\"inLanguage\":\"it-IT\",\"potentialAction\":[{\"@type\":\"ReadAction\",\"target\":[\"https:\/\/interprogettied.com\/tecnologiealimentari\/2022\/06\/sana-2022-cambia-volto-il-salone-internazionale-del-biologico-e-del-naturale\/\"]}]},{\"@type\":\"BreadcrumbList\",\"@id\":\"https:\/\/interprogettied.com\/tecnologiealimentari\/2022\/06\/sana-2022-cambia-volto-il-salone-internazionale-del-biologico-e-del-naturale\/#breadcrumb\",\"itemListElement\":[{\"@type\":\"ListItem\",\"position\":1,\"name\":\"Home\",\"item\":\"https:\/\/interprogettied.com\/tecnologiealimentari\/\"},{\"@type\":\"ListItem\",\"position\":2,\"name\":\"SANA 2022 cambia volto e si rinnova\"}]},{\"@type\":\"WebSite\",\"@id\":\"https:\/\/interprogettied.com\/tecnologiealimentari\/#website\",\"url\":\"https:\/\/interprogettied.com\/tecnologiealimentari\/\",\"name\":\"Tecnologie Alimentari\",\"description\":\"Interprogetti editori\",\"potentialAction\":[{\"@type\":\"SearchAction\",\"target\":{\"@type\":\"EntryPoint\",\"urlTemplate\":\"https:\/\/interprogettied.com\/tecnologiealimentari\/?s={search_term_string}\"},\"query-input\":\"required name=search_term_string\"}],\"inLanguage\":\"it-IT\"},{\"@type\":\"Person\",\"@id\":\"https:\/\/interprogettied.com\/tecnologiealimentari\/#\/schema\/person\/c7448c7ca13e57e26cf76bb292c7c255\",\"name\":\"InterP920\",\"image\":{\"@type\":\"ImageObject\",\"inLanguage\":\"it-IT\",\"@id\":\"https:\/\/interprogettied.com\/tecnologiealimentari\/#\/schema\/person\/image\/\",\"url\":\"https:\/\/secure.gravatar.com\/avatar\/93644f5d9e0eed887188f5bbdaee0341ce103847fc5e89f1d467e514be324899?s=96&d=mm&r=g\",\"contentUrl\":\"https:\/\/secure.gravatar.com\/avatar\/93644f5d9e0eed887188f5bbdaee0341ce103847fc5e89f1d467e514be324899?s=96&d=mm&r=g\",\"caption\":\"InterP920\"},\"url\":\"https:\/\/interprogettied.com\/tecnologiealimentari\/author\/interp920\/\"}]}<\/script>\n<!-- \/ Yoast SEO plugin. -->","yoast_head_json":{"title":"SANA 2022 cambia volto e si rinnova - Tecnologie Alimentari","description":"SANA, il Salone Internazionale del Biologico e del Naturale, si svolger\u00e0 dall\u20198 all\u201911 settembre 2022, presso il centro fieristico di BolognaFiere.","robots":{"index":"index","follow":"follow","max-snippet":"max-snippet:-1","max-image-preview":"max-image-preview:large","max-video-preview":"max-video-preview:-1"},"canonical":"https:\/\/interprogettied.com\/tecnologiealimentari\/2022\/06\/sana-2022-cambia-volto-il-salone-internazionale-del-biologico-e-del-naturale\/","og_locale":"it_IT","og_type":"article","og_title":"SANA 2022 cambia volto e si rinnova - Tecnologie Alimentari","og_description":"SANA, il Salone Internazionale del Biologico e del Naturale, si svolger\u00e0 dall\u20198 all\u201911 settembre 2022, presso il centro fieristico di BolognaFiere.","og_url":"https:\/\/interprogettied.com\/tecnologiealimentari\/2022\/06\/sana-2022-cambia-volto-il-salone-internazionale-del-biologico-e-del-naturale\/","og_site_name":"Tecnologie Alimentari","article_published_time":"2022-06-20T07:00:05+00:00","article_modified_time":"2022-06-17T07:21:57+00:00","og_image":[{"width":1067,"height":800,"url":"https:\/\/interprogettied.com\/tecnologiealimentari\/wp-content\/uploads\/2022\/06\/6AD45158EB0A7843995F751FE794C846.jpeg","type":"image\/jpeg"}],"author":"InterP920","twitter_card":"summary_large_image","twitter_misc":{"Scritto da":"InterP920","Tempo di lettura stimato":"4 minuti"},"schema":{"@context":"https:\/\/schema.org","@graph":[{"@type":"WebPage","@id":"https:\/\/interprogettied.com\/tecnologiealimentari\/2022\/06\/sana-2022-cambia-volto-il-salone-internazionale-del-biologico-e-del-naturale\/","url":"https:\/\/interprogettied.com\/tecnologiealimentari\/2022\/06\/sana-2022-cambia-volto-il-salone-internazionale-del-biologico-e-del-naturale\/","name":"SANA 2022 cambia volto e si rinnova - Tecnologie Alimentari","isPartOf":{"@id":"https:\/\/interprogettied.com\/tecnologiealimentari\/#website"},"datePublished":"2022-06-20T07:00:05+00:00","dateModified":"2022-06-17T07:21:57+00:00","author":{"@id":"https:\/\/interprogettied.com\/tecnologiealimentari\/#\/schema\/person\/c7448c7ca13e57e26cf76bb292c7c255"},"description":"SANA, il Salone Internazionale del Biologico e del Naturale, si svolger\u00e0 dall\u20198 all\u201911 settembre 2022, presso il centro fieristico di BolognaFiere.","breadcrumb":{"@id":"https:\/\/interprogettied.com\/tecnologiealimentari\/2022\/06\/sana-2022-cambia-volto-il-salone-internazionale-del-biologico-e-del-naturale\/#breadcrumb"},"inLanguage":"it-IT","potentialAction":[{"@type":"ReadAction","target":["https:\/\/interprogettied.com\/tecnologiealimentari\/2022\/06\/sana-2022-cambia-volto-il-salone-internazionale-del-biologico-e-del-naturale\/"]}]},{"@type":"BreadcrumbList","@id":"https:\/\/interprogettied.com\/tecnologiealimentari\/2022\/06\/sana-2022-cambia-volto-il-salone-internazionale-del-biologico-e-del-naturale\/#breadcrumb","itemListElement":[{"@type":"ListItem","position":1,"name":"Home","item":"https:\/\/interprogettied.com\/tecnologiealimentari\/"},{"@type":"ListItem","position":2,"name":"SANA 2022 cambia volto e si rinnova"}]},{"@type":"WebSite","@id":"https:\/\/interprogettied.com\/tecnologiealimentari\/#website","url":"https:\/\/interprogettied.com\/tecnologiealimentari\/","name":"Tecnologie Alimentari","description":"Interprogetti editori","potentialAction":[{"@type":"SearchAction","target":{"@type":"EntryPoint","urlTemplate":"https:\/\/interprogettied.com\/tecnologiealimentari\/?s={search_term_string}"},"query-input":"required name=search_term_string"}],"inLanguage":"it-IT"},{"@type":"Person","@id":"https:\/\/interprogettied.com\/tecnologiealimentari\/#\/schema\/person\/c7448c7ca13e57e26cf76bb292c7c255","name":"InterP920","image":{"@type":"ImageObject","inLanguage":"it-IT","@id":"https:\/\/interprogettied.com\/tecnologiealimentari\/#\/schema\/person\/image\/","url":"https:\/\/secure.gravatar.com\/avatar\/93644f5d9e0eed887188f5bbdaee0341ce103847fc5e89f1d467e514be324899?s=96&d=mm&r=g","contentUrl":"https:\/\/secure.gravatar.com\/avatar\/93644f5d9e0eed887188f5bbdaee0341ce103847fc5e89f1d467e514be324899?s=96&d=mm&r=g","caption":"InterP920"},"url":"https:\/\/interprogettied.com\/tecnologiealimentari\/author\/interp920\/"}]}},"_links":{"self":[{"href":"https:\/\/interprogettied.com\/tecnologiealimentari\/wp-json\/wp\/v2\/posts\/8065","targetHints":{"allow":["GET"]}}],"collection":[{"href":"https:\/\/interprogettied.com\/tecnologiealimentari\/wp-json\/wp\/v2\/posts"}],"about":[{"href":"https:\/\/interprogettied.com\/tecnologiealimentari\/wp-json\/wp\/v2\/types\/post"}],"author":[{"embeddable":true,"href":"https:\/\/interprogettied.com\/tecnologiealimentari\/wp-json\/wp\/v2\/users\/4"}],"replies":[{"embeddable":true,"href":"https:\/\/interprogettied.com\/tecnologiealimentari\/wp-json\/wp\/v2\/comments?post=8065"}],"version-history":[{"count":3,"href":"https:\/\/interprogettied.com\/tecnologiealimentari\/wp-json\/wp\/v2\/posts\/8065\/revisions"}],"predecessor-version":[{"id":8071,"href":"https:\/\/interprogettied.com\/tecnologiealimentari\/wp-json\/wp\/v2\/posts\/8065\/revisions\/8071"}],"wp:featuredmedia":[{"embeddable":true,"href":"https:\/\/interprogettied.com\/tecnologiealimentari\/wp-json\/wp\/v2\/media\/8066"}],"wp:attachment":[{"href":"https:\/\/interprogettied.com\/tecnologiealimentari\/wp-json\/wp\/v2\/media?parent=8065"}],"wp:term":[{"taxonomy":"category","embeddable":true,"href":"https:\/\/interprogettied.com\/tecnologiealimentari\/wp-json\/wp\/v2\/categories?post=8065"},{"taxonomy":"post_tag","embeddable":true,"href":"https:\/\/interprogettied.com\/tecnologiealimentari\/wp-json\/wp\/v2\/tags?post=8065"}],"curies":[{"name":"wp","href":"https:\/\/api.w.org\/{rel}","templated":true}]}}