{"id":7745,"date":"2022-03-22T09:00:59","date_gmt":"2022-03-22T08:00:59","guid":{"rendered":"https:\/\/interprogettied.com\/tecnologiealimentari?p=7745"},"modified":"2022-03-21T17:46:39","modified_gmt":"2022-03-21T16:46:39","slug":"slow-food-finalmente-litalia-ha-una-legge-sul-biologico","status":"publish","type":"post","link":"https:\/\/interprogettied.com\/tecnologiealimentari\/2022\/03\/slow-food-finalmente-litalia-ha-una-legge-sul-biologico\/","title":{"rendered":"Slow Food: &#8220;Finalmente l&#8217;Italia ha una legge sul biologico&#8221;"},"content":{"rendered":"<p>[vc_row][vc_column][vc_single_image image=&#8221;7746&#8243; img_size=&#8221;2000&#215;1000&#8243; alignment=&#8221;center&#8221;][vc_empty_space height=&#8221;30px&#8221;][\/vc_column][\/vc_row][vc_row][vc_column][vc_column_text]&#8221;Siamo in presenza di un passaggio epocale verso un\u2019agricoltura rispettosa dell\u2019ambiente e amica della salute dei consumatori. Un passo concreto verso una reale \u201ctransizione ecologica\u201d&#8221;, dichiara Barbara Nappini, presidente di <a href=\"https:\/\/www.slowfood.it\/\" target=\"_blank\" rel=\"noopener\"><strong>Slow Food Italia<\/strong><\/a>.<\/p>\n<p>Dopo anni di attesa anche il secondo ramo del Parlamento ha approvato il disegno di legge che tutela un settore in continua espansione, che in soli dieci anni ha visto aumentare l&#8217;80% della superficie, fiore all\u2019occhiello del Made in Italy. Un metodo di produzione che va nella direzione indicata dalle strategie europee Farm to Fork e Biodiversit\u00e0.<\/p>\n<p>&#8220;Un traguardo &#8211; continua Nappini &#8211; da accogliere con entusiasmo perch\u00e9 ci permetter\u00e0 di acquistare prodotti che hanno a cuore la salute e la sicurezza ambientale&#8221;.<\/p>\n<p>Una legge che va incontro all\u2019esigenza di una vera modernit\u00e0 agricola. Perch\u00e9 la modernit\u00e0 agricola \u00e8 nelle mani di coloro, soprattutto giovani, che lavorando la terra coniugano i vantaggi offerti dalle innovazioni tecnologiche con i saperi e le pratiche ancestrali, garantiscono il rispetto delle esigenze ecosistemiche, gestiscono le risorse naturali e limitano le esternalit\u00e0 negative, assicurando cos\u00ec una produzione adeguata in qualit\u00e0 e quantit\u00e0.<\/p>\n<p>La legge infatti va a disciplinare aspetti importanti non solo per le 80.000 aziende che gi\u00e0 praticano l\u2019agricoltura biologica, ma anche per le tante aziende agroalimentari italiane, per la ricerca scientifica, per i consumatori, per i territori e soprattutto per le comunit\u00e0 che quei territori li abitano.[\/vc_column_text][vc_empty_space height=&#8221;30px&#8221;][\/vc_column][\/vc_row][vc_row][vc_column width=&#8221;1\/6&#8243;][\/vc_column][vc_column width=&#8221;2\/3&#8243;][vc_column_text]<\/p>\n<p class=\"p1\" style=\"text-align: center;\"><!-- Errore, L'annuncio non \u00e8 al momento disponibile a causa di restrizioni di pianificazione\/geolocalizzazione! --><\/p>\n<p>[\/vc_column_text][\/vc_column][vc_column width=&#8221;1\/6&#8243;][\/vc_column][\/vc_row]<\/p>\n","protected":false},"excerpt":{"rendered":"<p>Slow Food festeggia: il Parlamento ha approvato il disegno di legge che tutela il biologico Made in Italy.<\/p>\n","protected":false},"author":4,"featured_media":7746,"comment_status":"open","ping_status":"open","sticky":false,"template":"","format":"standard","meta":{"footnotes":""},"categories":[313,469],"tags":[],"class_list":["post-7745","post","type-post","status-publish","format-standard","has-post-thumbnail","hentry","category-articoli-attualita","category-attualita-per-tecnologie-alimentari"],"yoast_head":"<!-- This site is optimized with the Yoast SEO plugin v21.9.1 - https:\/\/yoast.com\/wordpress\/plugins\/seo\/ -->\n<title>Slow Food: &quot;Finalmente l&#039;Italia ha una legge sul biologico&quot; - Tecnologie Alimentari<\/title>\n<meta name=\"description\" content=\"Slow Food festeggia: il Parlamento ha approvato il disegno di legge che tutela il biologico Made in Italy.\" \/>\n<meta name=\"robots\" content=\"index, follow, max-snippet:-1, max-image-preview:large, max-video-preview:-1\" \/>\n<link rel=\"canonical\" href=\"https:\/\/interprogettied.com\/tecnologiealimentari\/2022\/03\/slow-food-finalmente-litalia-ha-una-legge-sul-biologico\/\" \/>\n<meta property=\"og:locale\" content=\"it_IT\" \/>\n<meta property=\"og:type\" content=\"article\" \/>\n<meta property=\"og:title\" content=\"Slow Food: &quot;Finalmente l&#039;Italia ha una legge sul biologico&quot; - Tecnologie Alimentari\" \/>\n<meta property=\"og:description\" content=\"Slow Food festeggia: il Parlamento ha approvato il disegno di legge che tutela il biologico Made in Italy.\" \/>\n<meta property=\"og:url\" content=\"https:\/\/interprogettied.com\/tecnologiealimentari\/2022\/03\/slow-food-finalmente-litalia-ha-una-legge-sul-biologico\/\" \/>\n<meta property=\"og:site_name\" content=\"Tecnologie Alimentari\" \/>\n<meta property=\"article:published_time\" content=\"2022-03-22T08:00:59+00:00\" \/>\n<meta property=\"article:modified_time\" content=\"2022-03-21T16:46:39+00:00\" \/>\n<meta property=\"og:image\" content=\"https:\/\/interprogettied.com\/tecnologiealimentari\/wp-content\/uploads\/2022\/03\/wooden-box-filled-fresh-vegetables-scaled.jpg\" \/>\n\t<meta property=\"og:image:width\" content=\"2560\" \/>\n\t<meta property=\"og:image:height\" content=\"1707\" \/>\n\t<meta property=\"og:image:type\" content=\"image\/jpeg\" \/>\n<meta name=\"author\" content=\"InterP920\" \/>\n<meta name=\"twitter:card\" content=\"summary_large_image\" \/>\n<meta name=\"twitter:label1\" content=\"Scritto da\" \/>\n\t<meta name=\"twitter:data1\" content=\"InterP920\" \/>\n\t<meta name=\"twitter:label2\" content=\"Tempo di lettura stimato\" \/>\n\t<meta name=\"twitter:data2\" content=\"2 minuti\" \/>\n<script type=\"application\/ld+json\" class=\"yoast-schema-graph\">{\"@context\":\"https:\/\/schema.org\",\"@graph\":[{\"@type\":\"WebPage\",\"@id\":\"https:\/\/interprogettied.com\/tecnologiealimentari\/2022\/03\/slow-food-finalmente-litalia-ha-una-legge-sul-biologico\/\",\"url\":\"https:\/\/interprogettied.com\/tecnologiealimentari\/2022\/03\/slow-food-finalmente-litalia-ha-una-legge-sul-biologico\/\",\"name\":\"Slow Food: \\\"Finalmente l'Italia ha una legge sul biologico\\\" - Tecnologie Alimentari\",\"isPartOf\":{\"@id\":\"https:\/\/interprogettied.com\/tecnologiealimentari\/#website\"},\"datePublished\":\"2022-03-22T08:00:59+00:00\",\"dateModified\":\"2022-03-21T16:46:39+00:00\",\"author\":{\"@id\":\"https:\/\/interprogettied.com\/tecnologiealimentari\/#\/schema\/person\/c7448c7ca13e57e26cf76bb292c7c255\"},\"description\":\"Slow Food festeggia: il Parlamento ha approvato il disegno di legge che tutela il biologico Made in Italy.\",\"breadcrumb\":{\"@id\":\"https:\/\/interprogettied.com\/tecnologiealimentari\/2022\/03\/slow-food-finalmente-litalia-ha-una-legge-sul-biologico\/#breadcrumb\"},\"inLanguage\":\"it-IT\",\"potentialAction\":[{\"@type\":\"ReadAction\",\"target\":[\"https:\/\/interprogettied.com\/tecnologiealimentari\/2022\/03\/slow-food-finalmente-litalia-ha-una-legge-sul-biologico\/\"]}]},{\"@type\":\"BreadcrumbList\",\"@id\":\"https:\/\/interprogettied.com\/tecnologiealimentari\/2022\/03\/slow-food-finalmente-litalia-ha-una-legge-sul-biologico\/#breadcrumb\",\"itemListElement\":[{\"@type\":\"ListItem\",\"position\":1,\"name\":\"Home\",\"item\":\"https:\/\/interprogettied.com\/tecnologiealimentari\/\"},{\"@type\":\"ListItem\",\"position\":2,\"name\":\"Slow Food: &#8220;Finalmente l&#8217;Italia ha una legge sul biologico&#8221;\"}]},{\"@type\":\"WebSite\",\"@id\":\"https:\/\/interprogettied.com\/tecnologiealimentari\/#website\",\"url\":\"https:\/\/interprogettied.com\/tecnologiealimentari\/\",\"name\":\"Tecnologie Alimentari\",\"description\":\"Interprogetti editori\",\"potentialAction\":[{\"@type\":\"SearchAction\",\"target\":{\"@type\":\"EntryPoint\",\"urlTemplate\":\"https:\/\/interprogettied.com\/tecnologiealimentari\/?s={search_term_string}\"},\"query-input\":\"required name=search_term_string\"}],\"inLanguage\":\"it-IT\"},{\"@type\":\"Person\",\"@id\":\"https:\/\/interprogettied.com\/tecnologiealimentari\/#\/schema\/person\/c7448c7ca13e57e26cf76bb292c7c255\",\"name\":\"InterP920\",\"image\":{\"@type\":\"ImageObject\",\"inLanguage\":\"it-IT\",\"@id\":\"https:\/\/interprogettied.com\/tecnologiealimentari\/#\/schema\/person\/image\/\",\"url\":\"https:\/\/secure.gravatar.com\/avatar\/93644f5d9e0eed887188f5bbdaee0341ce103847fc5e89f1d467e514be324899?s=96&d=mm&r=g\",\"contentUrl\":\"https:\/\/secure.gravatar.com\/avatar\/93644f5d9e0eed887188f5bbdaee0341ce103847fc5e89f1d467e514be324899?s=96&d=mm&r=g\",\"caption\":\"InterP920\"},\"url\":\"https:\/\/interprogettied.com\/tecnologiealimentari\/author\/interp920\/\"}]}<\/script>\n<!-- \/ Yoast SEO plugin. -->","yoast_head_json":{"title":"Slow Food: \"Finalmente l'Italia ha una legge sul biologico\" - Tecnologie Alimentari","description":"Slow Food festeggia: il Parlamento ha approvato il disegno di legge che tutela il biologico Made in Italy.","robots":{"index":"index","follow":"follow","max-snippet":"max-snippet:-1","max-image-preview":"max-image-preview:large","max-video-preview":"max-video-preview:-1"},"canonical":"https:\/\/interprogettied.com\/tecnologiealimentari\/2022\/03\/slow-food-finalmente-litalia-ha-una-legge-sul-biologico\/","og_locale":"it_IT","og_type":"article","og_title":"Slow Food: \"Finalmente l'Italia ha una legge sul biologico\" - Tecnologie Alimentari","og_description":"Slow Food festeggia: il Parlamento ha approvato il disegno di legge che tutela il biologico Made in Italy.","og_url":"https:\/\/interprogettied.com\/tecnologiealimentari\/2022\/03\/slow-food-finalmente-litalia-ha-una-legge-sul-biologico\/","og_site_name":"Tecnologie Alimentari","article_published_time":"2022-03-22T08:00:59+00:00","article_modified_time":"2022-03-21T16:46:39+00:00","og_image":[{"width":2560,"height":1707,"url":"https:\/\/interprogettied.com\/tecnologiealimentari\/wp-content\/uploads\/2022\/03\/wooden-box-filled-fresh-vegetables-scaled.jpg","type":"image\/jpeg"}],"author":"InterP920","twitter_card":"summary_large_image","twitter_misc":{"Scritto da":"InterP920","Tempo di lettura stimato":"2 minuti"},"schema":{"@context":"https:\/\/schema.org","@graph":[{"@type":"WebPage","@id":"https:\/\/interprogettied.com\/tecnologiealimentari\/2022\/03\/slow-food-finalmente-litalia-ha-una-legge-sul-biologico\/","url":"https:\/\/interprogettied.com\/tecnologiealimentari\/2022\/03\/slow-food-finalmente-litalia-ha-una-legge-sul-biologico\/","name":"Slow Food: \"Finalmente l'Italia ha una legge sul biologico\" - Tecnologie Alimentari","isPartOf":{"@id":"https:\/\/interprogettied.com\/tecnologiealimentari\/#website"},"datePublished":"2022-03-22T08:00:59+00:00","dateModified":"2022-03-21T16:46:39+00:00","author":{"@id":"https:\/\/interprogettied.com\/tecnologiealimentari\/#\/schema\/person\/c7448c7ca13e57e26cf76bb292c7c255"},"description":"Slow Food festeggia: il Parlamento ha approvato il disegno di legge che tutela il biologico Made in Italy.","breadcrumb":{"@id":"https:\/\/interprogettied.com\/tecnologiealimentari\/2022\/03\/slow-food-finalmente-litalia-ha-una-legge-sul-biologico\/#breadcrumb"},"inLanguage":"it-IT","potentialAction":[{"@type":"ReadAction","target":["https:\/\/interprogettied.com\/tecnologiealimentari\/2022\/03\/slow-food-finalmente-litalia-ha-una-legge-sul-biologico\/"]}]},{"@type":"BreadcrumbList","@id":"https:\/\/interprogettied.com\/tecnologiealimentari\/2022\/03\/slow-food-finalmente-litalia-ha-una-legge-sul-biologico\/#breadcrumb","itemListElement":[{"@type":"ListItem","position":1,"name":"Home","item":"https:\/\/interprogettied.com\/tecnologiealimentari\/"},{"@type":"ListItem","position":2,"name":"Slow Food: &#8220;Finalmente l&#8217;Italia ha una legge sul biologico&#8221;"}]},{"@type":"WebSite","@id":"https:\/\/interprogettied.com\/tecnologiealimentari\/#website","url":"https:\/\/interprogettied.com\/tecnologiealimentari\/","name":"Tecnologie Alimentari","description":"Interprogetti editori","potentialAction":[{"@type":"SearchAction","target":{"@type":"EntryPoint","urlTemplate":"https:\/\/interprogettied.com\/tecnologiealimentari\/?s={search_term_string}"},"query-input":"required name=search_term_string"}],"inLanguage":"it-IT"},{"@type":"Person","@id":"https:\/\/interprogettied.com\/tecnologiealimentari\/#\/schema\/person\/c7448c7ca13e57e26cf76bb292c7c255","name":"InterP920","image":{"@type":"ImageObject","inLanguage":"it-IT","@id":"https:\/\/interprogettied.com\/tecnologiealimentari\/#\/schema\/person\/image\/","url":"https:\/\/secure.gravatar.com\/avatar\/93644f5d9e0eed887188f5bbdaee0341ce103847fc5e89f1d467e514be324899?s=96&d=mm&r=g","contentUrl":"https:\/\/secure.gravatar.com\/avatar\/93644f5d9e0eed887188f5bbdaee0341ce103847fc5e89f1d467e514be324899?s=96&d=mm&r=g","caption":"InterP920"},"url":"https:\/\/interprogettied.com\/tecnologiealimentari\/author\/interp920\/"}]}},"_links":{"self":[{"href":"https:\/\/interprogettied.com\/tecnologiealimentari\/wp-json\/wp\/v2\/posts\/7745","targetHints":{"allow":["GET"]}}],"collection":[{"href":"https:\/\/interprogettied.com\/tecnologiealimentari\/wp-json\/wp\/v2\/posts"}],"about":[{"href":"https:\/\/interprogettied.com\/tecnologiealimentari\/wp-json\/wp\/v2\/types\/post"}],"author":[{"embeddable":true,"href":"https:\/\/interprogettied.com\/tecnologiealimentari\/wp-json\/wp\/v2\/users\/4"}],"replies":[{"embeddable":true,"href":"https:\/\/interprogettied.com\/tecnologiealimentari\/wp-json\/wp\/v2\/comments?post=7745"}],"version-history":[{"count":4,"href":"https:\/\/interprogettied.com\/tecnologiealimentari\/wp-json\/wp\/v2\/posts\/7745\/revisions"}],"predecessor-version":[{"id":7748,"href":"https:\/\/interprogettied.com\/tecnologiealimentari\/wp-json\/wp\/v2\/posts\/7745\/revisions\/7748"}],"wp:featuredmedia":[{"embeddable":true,"href":"https:\/\/interprogettied.com\/tecnologiealimentari\/wp-json\/wp\/v2\/media\/7746"}],"wp:attachment":[{"href":"https:\/\/interprogettied.com\/tecnologiealimentari\/wp-json\/wp\/v2\/media?parent=7745"}],"wp:term":[{"taxonomy":"category","embeddable":true,"href":"https:\/\/interprogettied.com\/tecnologiealimentari\/wp-json\/wp\/v2\/categories?post=7745"},{"taxonomy":"post_tag","embeddable":true,"href":"https:\/\/interprogettied.com\/tecnologiealimentari\/wp-json\/wp\/v2\/tags?post=7745"}],"curies":[{"name":"wp","href":"https:\/\/api.w.org\/{rel}","templated":true}]}}