{"id":7709,"date":"2022-03-16T09:00:15","date_gmt":"2022-03-16T08:00:15","guid":{"rendered":"https:\/\/interprogettied.com\/tecnologiealimentari?p=7709"},"modified":"2022-03-15T13:44:30","modified_gmt":"2022-03-15T12:44:30","slug":"7709","status":"publish","type":"post","link":"https:\/\/interprogettied.com\/tecnologiealimentari\/2022\/03\/7709\/","title":{"rendered":"Cresciuto del 2,79% il consumo di Speck Alto Adige IGP"},"content":{"rendered":"<p>[vc_row][vc_column][vc_single_image image=&#8221;7711&#8243; img_size=&#8221;2000&#215;1000&#8243; alignment=&#8221;center&#8221;][vc_empty_space height=&#8221;30px&#8221;][\/vc_column][\/vc_row][vc_row][vc_column][vc_column_text]<\/p>\n<p class=\"p1\">\u00c8 cresciuto del 2,79% il consumo di <a href=\"https:\/\/www.speck.it\/it\/\"><strong>Speck Alto Adige IGP<\/strong><\/a> nel 2021, anno in cui anche la produzione ha subito un\u2019accelerazione: sono state 2.881.229 le baffe contrassegnate, pari a +43,14 % della produzione complessiva del Consorzio Tutela Speck Alto Adige.<\/p>\n<p class=\"p1\">Un trend che prosegue da diversi anni: si registrano due picchi di produzione, il primo dal 1996 al 2003 e il secondo dal 2013 al 2020, con un periodo intermedio di stagnazione, dal 2003 al 2013, e un anno difficile a causa dell\u2019emergenza sanitaria e della crisi della materia prima, in seguito al quale torna a registrarsi nuovamente una tendenza positiva per il prodotto certificato. La produzione di speck non certificato IGP ha registrato nuovamente un calo del 1,8%.<span class=\"Apple-converted-space\">\u00a0<\/span><\/p>\n<p class=\"p1\">\u201cSiamo orgogliosi di questo nuovo traguardo\u201d sostiene il neoeletto presidente del Consorzio Paul Recla, \u201ce speriamo che il 2022 non sar\u00e0 da meno. In un anno di riconferma cos\u00ec importante, sono onorato di guidare i produttori di Speck Alto Adige IGP in questa nuova avventura\u201d. Per il neoeletto presidente, i temi centrali del Consorzio dello Speck Alto Adige rimangono al centro dell&#8217;attenzione: &#8220;Ci impegniamo a migliorare costantemente la qualit\u00e0 dei prodotti dello Speck Alto Adige IGP, ad aumentare ulteriormente la notoriet\u00e0 del marchio &#8220;Speck Alto Adige&#8221; attraverso misure efficaci e a proteggere il marchio dall&#8217;abuso\u201d.<span class=\"Apple-converted-space\">\u00a0<\/span><\/p>\n<p class=\"p1\">Il presidente \u00e8 sostenuto nel consiglio di amministrazione da G\u00fcnther Windegger come vicepresidente e da Florian Siebenf\u00f6rcher, Walter Nocker, Peter Moser e Roland Obermair nel consiglio di amministrazione.<span class=\"Apple-converted-space\">\u00a0<\/span><\/p>\n<p class=\"p1\">L\u2019Italia, in particolare l\u2019Alto Adige e tutto il settentrione, si riconferma anche nel 2021 il maggiore mercato di vendita dello Speck Alto Adige IGP, con un solido 66,3%, pressoch\u00e9 invariato rispetto all\u2019anno precedente. Grande novit\u00e0 \u00e8 la sempre maggiore richiesta del prodotto anche nelle regioni meridionali e oltre i confini nazionali. Con una quota del 33,7%, lo Speck Alto Adige IGP \u00e8 infatti uno dei salumi italiani pi\u00f9 esportati verso i mercati stranieri: sul podio, Germania (28,9%) e USA (1,9%), dove la popolarit\u00e0 del prodotto \u00e8 cresciuta negli ultimi anni e le esportazioni aumentate. Altri mercati sono rappresentati da Francia (1,4%), Svizzera (0,6%) e Austria (0,5%), a cui si aggiungono Belgio, Gran Bretagna, Polonia, Finlandia, Canada e altri 20 Paesi (0,4% ciascuno), in cui lo sviluppo positivo dell\u2019export \u00e8 stato influenzato dalla pandemia di COVID-19. 2 Resta la GDO il principale canale commerciale, con un dato che supera il 65%. Seguono discount (22% cresciuti di 4 punti percentuali rispetto al 2019), la gastronomia (5,3% stabile rispetto al 2019), grossisti (3,8%) e punti vendita al dettaglio (3,4%).<span class=\"Apple-converted-space\">\u00a0<\/span><\/p>\n<p>[\/vc_column_text][vc_empty_space height=&#8221;30px&#8221;][vc_row_inner][vc_column_inner width=&#8221;1\/6&#8243;][\/vc_column_inner][vc_column_inner width=&#8221;2\/3&#8243;][vc_column_text]<\/p>\n<p class=\"p1\" style=\"text-align: center;\"><!-- Errore, L'annuncio non \u00e8 al momento disponibile a causa di restrizioni di pianificazione\/geolocalizzazione! --><\/p>\n<p>[\/vc_column_text][\/vc_column_inner][vc_column_inner width=&#8221;1\/6&#8243;][\/vc_column_inner][\/vc_row_inner][\/vc_column][\/vc_row][vc_row][vc_column][vc_column_text]<\/p>\n<p class=\"p1\">In Alto Adige, i negozi al dettaglio, particolarmente diffusi su tutto il territorio, registrano il 53% circa delle vendite nell\u2019intera provincia, mentre il 18,3% resta appannaggio della ristorazione. Importanti anche i dati relativi alle tipologie di confezionamento. Delle 46.079.882 di confezioni di Speck Alto Adige IGP preaffettato prodotte nel 2021 (+ 3% netto rispetto 2020), la pi\u00f9 apprezzata \u00e8 stata ancora una volta quella da 100g, seguita dai 90g, i 125g e 150g. La comodit\u00e0 \u00e8 ancora una volta la domanda numero uno dei consumatori moderni, a cui il Consorzio di Tutela Speck Alto Adige risponde con confezioni pratiche e pensate per tutti i nuclei familiari, dai pi\u00f9 grandi ai pi\u00f9 contenuti.<\/p>\n<p class=\"p1\">Continua anche nel 2022 la collaborazione del Consorzio Tutela Speck Alto Adige con Massimo Malnerich, ispettore riconosciuto e accreditato dal Ministero delle politiche agricole addetto al controllo del corretto utilizzo della denominazione \u201cSpeck Alto Adige IGP\u201d nei punti vendita a livello nazionale. Indicazione della denominazione sul cartellino del prezzo del punto vendita, conformit\u00e0 dell\u2019etichetta del prodotto, utilizzo della denominazione e del marchio sui messaggi pubblicitari e sui prodotti preconfezionati sono stati gli aspetti pi\u00f9 controllati nel 2021, che ha visto 980 visite ispettive in Italia (di cui 65 nella regione Trentino-Alto Adige), 384 controlli all\u2019estero \u2013 principalmente tra Germania, Austria e Francia \u2013 e supervisione di 200 pagine internet relativamente all\u2019uso della corretta denominazione.<\/p>\n<p class=\"p1\">Da diversi anni, lo Speck Alto Adige IGP ha acquistato una sempre maggiore notoriet\u00e0 sui mercati internazionali: questo ha portato il Consorzio a tutelare la denominazione anche al di fuori dell\u2019Unione Europea, proseguendo lo studio sui marchi registrati con la denominazione \u201cSpeck\u201d, \u201cAlto Adige\u201d, e \u201cS\u00fcdtirol\u201d nella categoria merceologica dei salumi. Un esempio concreto \u00e8 il Giappone, con cui l\u2019UE ha instaurato un accordo commerciale a partire dalla fine del 2021, momento dal quale lo Speck Alto Adige IGP \u00e8 protetto da denominazione controllata.<\/p>\n<p>[\/vc_column_text][\/vc_column][\/vc_row]<\/p>\n","protected":false},"excerpt":{"rendered":"<p>\u00c8 cresciuto del 2,79% il consumo di Speck Alto Adige IGP nel 2021, anno in cui anche la produzione ha subito un\u2019accelerazione: sono state 2.881.229 le baffe contrassegnate, pari a +43,14 % della produzione complessiva del Consorzio Tutela Speck Alto Adige.<\/p>\n","protected":false},"author":4,"featured_media":7711,"comment_status":"open","ping_status":"open","sticky":false,"template":"","format":"standard","meta":{"footnotes":""},"categories":[313,469],"tags":[],"class_list":["post-7709","post","type-post","status-publish","format-standard","has-post-thumbnail","hentry","category-articoli-attualita","category-attualita-per-tecnologie-alimentari"],"yoast_head":"<!-- This site is optimized with the Yoast SEO plugin v21.9.1 - https:\/\/yoast.com\/wordpress\/plugins\/seo\/ -->\n<title>Cresciuto del 2,79% il consumo di Speck Alto Adige IGP - Tecnologie Alimentari<\/title>\n<meta name=\"description\" content=\"\u00c8 cresciuto del 2,79% il consumo di Speck Alto Adige IGP nel 2021, anno in cui anche la produzione ha subito un\u2019accelerazione: sono state 2.881.229 le baffe contrassegnate, pari a +43,14 % della produzione complessiva del Consorzio Tutela Speck Alto Adige.\" \/>\n<meta name=\"robots\" content=\"index, follow, max-snippet:-1, max-image-preview:large, max-video-preview:-1\" \/>\n<link rel=\"canonical\" href=\"https:\/\/interprogettied.com\/tecnologiealimentari\/2022\/03\/7709\/\" \/>\n<meta property=\"og:locale\" content=\"it_IT\" \/>\n<meta property=\"og:type\" content=\"article\" \/>\n<meta property=\"og:title\" content=\"Cresciuto del 2,79% il consumo di Speck Alto Adige IGP - Tecnologie Alimentari\" \/>\n<meta property=\"og:description\" content=\"\u00c8 cresciuto del 2,79% il consumo di Speck Alto Adige IGP nel 2021, anno in cui anche la produzione ha subito un\u2019accelerazione: sono state 2.881.229 le baffe contrassegnate, pari a +43,14 % della produzione complessiva del Consorzio Tutela Speck Alto Adige.\" \/>\n<meta property=\"og:url\" content=\"https:\/\/interprogettied.com\/tecnologiealimentari\/2022\/03\/7709\/\" \/>\n<meta property=\"og:site_name\" content=\"Tecnologie Alimentari\" \/>\n<meta property=\"article:published_time\" content=\"2022-03-16T08:00:15+00:00\" \/>\n<meta property=\"article:modified_time\" content=\"2022-03-15T12:44:30+00:00\" \/>\n<meta property=\"og:image\" content=\"https:\/\/interprogettied.com\/tecnologiealimentari\/wp-content\/uploads\/2022\/03\/parma-ham-scaled.jpg\" \/>\n\t<meta property=\"og:image:width\" content=\"2560\" \/>\n\t<meta property=\"og:image:height\" content=\"1346\" \/>\n\t<meta property=\"og:image:type\" content=\"image\/jpeg\" \/>\n<meta name=\"author\" content=\"InterP920\" \/>\n<meta name=\"twitter:card\" content=\"summary_large_image\" \/>\n<meta name=\"twitter:label1\" content=\"Scritto da\" \/>\n\t<meta name=\"twitter:data1\" content=\"InterP920\" \/>\n\t<meta name=\"twitter:label2\" content=\"Tempo di lettura stimato\" \/>\n\t<meta name=\"twitter:data2\" content=\"4 minuti\" \/>\n<script type=\"application\/ld+json\" class=\"yoast-schema-graph\">{\"@context\":\"https:\/\/schema.org\",\"@graph\":[{\"@type\":\"WebPage\",\"@id\":\"https:\/\/interprogettied.com\/tecnologiealimentari\/2022\/03\/7709\/\",\"url\":\"https:\/\/interprogettied.com\/tecnologiealimentari\/2022\/03\/7709\/\",\"name\":\"Cresciuto del 2,79% il consumo di Speck Alto Adige IGP - Tecnologie Alimentari\",\"isPartOf\":{\"@id\":\"https:\/\/interprogettied.com\/tecnologiealimentari\/#website\"},\"datePublished\":\"2022-03-16T08:00:15+00:00\",\"dateModified\":\"2022-03-15T12:44:30+00:00\",\"author\":{\"@id\":\"https:\/\/interprogettied.com\/tecnologiealimentari\/#\/schema\/person\/c7448c7ca13e57e26cf76bb292c7c255\"},\"description\":\"\u00c8 cresciuto del 2,79% il consumo di Speck Alto Adige IGP nel 2021, anno in cui anche la produzione ha subito un\u2019accelerazione: sono state 2.881.229 le baffe contrassegnate, pari a +43,14 % della produzione complessiva del Consorzio Tutela Speck Alto Adige.\",\"breadcrumb\":{\"@id\":\"https:\/\/interprogettied.com\/tecnologiealimentari\/2022\/03\/7709\/#breadcrumb\"},\"inLanguage\":\"it-IT\",\"potentialAction\":[{\"@type\":\"ReadAction\",\"target\":[\"https:\/\/interprogettied.com\/tecnologiealimentari\/2022\/03\/7709\/\"]}]},{\"@type\":\"BreadcrumbList\",\"@id\":\"https:\/\/interprogettied.com\/tecnologiealimentari\/2022\/03\/7709\/#breadcrumb\",\"itemListElement\":[{\"@type\":\"ListItem\",\"position\":1,\"name\":\"Home\",\"item\":\"https:\/\/interprogettied.com\/tecnologiealimentari\/\"},{\"@type\":\"ListItem\",\"position\":2,\"name\":\"Cresciuto del 2,79% il consumo di Speck Alto Adige IGP\"}]},{\"@type\":\"WebSite\",\"@id\":\"https:\/\/interprogettied.com\/tecnologiealimentari\/#website\",\"url\":\"https:\/\/interprogettied.com\/tecnologiealimentari\/\",\"name\":\"Tecnologie Alimentari\",\"description\":\"Interprogetti editori\",\"potentialAction\":[{\"@type\":\"SearchAction\",\"target\":{\"@type\":\"EntryPoint\",\"urlTemplate\":\"https:\/\/interprogettied.com\/tecnologiealimentari\/?s={search_term_string}\"},\"query-input\":\"required name=search_term_string\"}],\"inLanguage\":\"it-IT\"},{\"@type\":\"Person\",\"@id\":\"https:\/\/interprogettied.com\/tecnologiealimentari\/#\/schema\/person\/c7448c7ca13e57e26cf76bb292c7c255\",\"name\":\"InterP920\",\"image\":{\"@type\":\"ImageObject\",\"inLanguage\":\"it-IT\",\"@id\":\"https:\/\/interprogettied.com\/tecnologiealimentari\/#\/schema\/person\/image\/\",\"url\":\"https:\/\/secure.gravatar.com\/avatar\/93644f5d9e0eed887188f5bbdaee0341ce103847fc5e89f1d467e514be324899?s=96&d=mm&r=g\",\"contentUrl\":\"https:\/\/secure.gravatar.com\/avatar\/93644f5d9e0eed887188f5bbdaee0341ce103847fc5e89f1d467e514be324899?s=96&d=mm&r=g\",\"caption\":\"InterP920\"},\"url\":\"https:\/\/interprogettied.com\/tecnologiealimentari\/author\/interp920\/\"}]}<\/script>\n<!-- \/ Yoast SEO plugin. -->","yoast_head_json":{"title":"Cresciuto del 2,79% il consumo di Speck Alto Adige IGP - Tecnologie Alimentari","description":"\u00c8 cresciuto del 2,79% il consumo di Speck Alto Adige IGP nel 2021, anno in cui anche la produzione ha subito un\u2019accelerazione: sono state 2.881.229 le baffe contrassegnate, pari a +43,14 % della produzione complessiva del Consorzio Tutela Speck Alto Adige.","robots":{"index":"index","follow":"follow","max-snippet":"max-snippet:-1","max-image-preview":"max-image-preview:large","max-video-preview":"max-video-preview:-1"},"canonical":"https:\/\/interprogettied.com\/tecnologiealimentari\/2022\/03\/7709\/","og_locale":"it_IT","og_type":"article","og_title":"Cresciuto del 2,79% il consumo di Speck Alto Adige IGP - Tecnologie Alimentari","og_description":"\u00c8 cresciuto del 2,79% il consumo di Speck Alto Adige IGP nel 2021, anno in cui anche la produzione ha subito un\u2019accelerazione: sono state 2.881.229 le baffe contrassegnate, pari a +43,14 % della produzione complessiva del Consorzio Tutela Speck Alto Adige.","og_url":"https:\/\/interprogettied.com\/tecnologiealimentari\/2022\/03\/7709\/","og_site_name":"Tecnologie Alimentari","article_published_time":"2022-03-16T08:00:15+00:00","article_modified_time":"2022-03-15T12:44:30+00:00","og_image":[{"width":2560,"height":1346,"url":"https:\/\/interprogettied.com\/tecnologiealimentari\/wp-content\/uploads\/2022\/03\/parma-ham-scaled.jpg","type":"image\/jpeg"}],"author":"InterP920","twitter_card":"summary_large_image","twitter_misc":{"Scritto da":"InterP920","Tempo di lettura stimato":"4 minuti"},"schema":{"@context":"https:\/\/schema.org","@graph":[{"@type":"WebPage","@id":"https:\/\/interprogettied.com\/tecnologiealimentari\/2022\/03\/7709\/","url":"https:\/\/interprogettied.com\/tecnologiealimentari\/2022\/03\/7709\/","name":"Cresciuto del 2,79% il consumo di Speck Alto Adige IGP - Tecnologie Alimentari","isPartOf":{"@id":"https:\/\/interprogettied.com\/tecnologiealimentari\/#website"},"datePublished":"2022-03-16T08:00:15+00:00","dateModified":"2022-03-15T12:44:30+00:00","author":{"@id":"https:\/\/interprogettied.com\/tecnologiealimentari\/#\/schema\/person\/c7448c7ca13e57e26cf76bb292c7c255"},"description":"\u00c8 cresciuto del 2,79% il consumo di Speck Alto Adige IGP nel 2021, anno in cui anche la produzione ha subito un\u2019accelerazione: sono state 2.881.229 le baffe contrassegnate, pari a +43,14 % della produzione complessiva del Consorzio Tutela Speck Alto Adige.","breadcrumb":{"@id":"https:\/\/interprogettied.com\/tecnologiealimentari\/2022\/03\/7709\/#breadcrumb"},"inLanguage":"it-IT","potentialAction":[{"@type":"ReadAction","target":["https:\/\/interprogettied.com\/tecnologiealimentari\/2022\/03\/7709\/"]}]},{"@type":"BreadcrumbList","@id":"https:\/\/interprogettied.com\/tecnologiealimentari\/2022\/03\/7709\/#breadcrumb","itemListElement":[{"@type":"ListItem","position":1,"name":"Home","item":"https:\/\/interprogettied.com\/tecnologiealimentari\/"},{"@type":"ListItem","position":2,"name":"Cresciuto del 2,79% il consumo di Speck Alto Adige IGP"}]},{"@type":"WebSite","@id":"https:\/\/interprogettied.com\/tecnologiealimentari\/#website","url":"https:\/\/interprogettied.com\/tecnologiealimentari\/","name":"Tecnologie Alimentari","description":"Interprogetti editori","potentialAction":[{"@type":"SearchAction","target":{"@type":"EntryPoint","urlTemplate":"https:\/\/interprogettied.com\/tecnologiealimentari\/?s={search_term_string}"},"query-input":"required name=search_term_string"}],"inLanguage":"it-IT"},{"@type":"Person","@id":"https:\/\/interprogettied.com\/tecnologiealimentari\/#\/schema\/person\/c7448c7ca13e57e26cf76bb292c7c255","name":"InterP920","image":{"@type":"ImageObject","inLanguage":"it-IT","@id":"https:\/\/interprogettied.com\/tecnologiealimentari\/#\/schema\/person\/image\/","url":"https:\/\/secure.gravatar.com\/avatar\/93644f5d9e0eed887188f5bbdaee0341ce103847fc5e89f1d467e514be324899?s=96&d=mm&r=g","contentUrl":"https:\/\/secure.gravatar.com\/avatar\/93644f5d9e0eed887188f5bbdaee0341ce103847fc5e89f1d467e514be324899?s=96&d=mm&r=g","caption":"InterP920"},"url":"https:\/\/interprogettied.com\/tecnologiealimentari\/author\/interp920\/"}]}},"_links":{"self":[{"href":"https:\/\/interprogettied.com\/tecnologiealimentari\/wp-json\/wp\/v2\/posts\/7709","targetHints":{"allow":["GET"]}}],"collection":[{"href":"https:\/\/interprogettied.com\/tecnologiealimentari\/wp-json\/wp\/v2\/posts"}],"about":[{"href":"https:\/\/interprogettied.com\/tecnologiealimentari\/wp-json\/wp\/v2\/types\/post"}],"author":[{"embeddable":true,"href":"https:\/\/interprogettied.com\/tecnologiealimentari\/wp-json\/wp\/v2\/users\/4"}],"replies":[{"embeddable":true,"href":"https:\/\/interprogettied.com\/tecnologiealimentari\/wp-json\/wp\/v2\/comments?post=7709"}],"version-history":[{"count":4,"href":"https:\/\/interprogettied.com\/tecnologiealimentari\/wp-json\/wp\/v2\/posts\/7709\/revisions"}],"predecessor-version":[{"id":7713,"href":"https:\/\/interprogettied.com\/tecnologiealimentari\/wp-json\/wp\/v2\/posts\/7709\/revisions\/7713"}],"wp:featuredmedia":[{"embeddable":true,"href":"https:\/\/interprogettied.com\/tecnologiealimentari\/wp-json\/wp\/v2\/media\/7711"}],"wp:attachment":[{"href":"https:\/\/interprogettied.com\/tecnologiealimentari\/wp-json\/wp\/v2\/media?parent=7709"}],"wp:term":[{"taxonomy":"category","embeddable":true,"href":"https:\/\/interprogettied.com\/tecnologiealimentari\/wp-json\/wp\/v2\/categories?post=7709"},{"taxonomy":"post_tag","embeddable":true,"href":"https:\/\/interprogettied.com\/tecnologiealimentari\/wp-json\/wp\/v2\/tags?post=7709"}],"curies":[{"name":"wp","href":"https:\/\/api.w.org\/{rel}","templated":true}]}}