{"id":7402,"date":"2022-01-27T09:00:00","date_gmt":"2022-01-27T08:00:00","guid":{"rendered":"https:\/\/interprogettied.com\/tecnologiealimentari?p=7402"},"modified":"2022-01-26T16:40:54","modified_gmt":"2022-01-26T15:40:54","slug":"nestle-investe-in-eureka","status":"publish","type":"post","link":"https:\/\/interprogettied.com\/tecnologiealimentari\/2022\/01\/nestle-investe-in-eureka\/","title":{"rendered":"Nestl\u00e9\u00a0investe in Eureka!\u00a0"},"content":{"rendered":"\n<div class=\"wp-block-image\"><figure class=\"aligncenter size-large is-resized\"><img loading=\"lazy\" decoding=\"async\" src=\"https:\/\/interprogettied.com\/tecnologiealimentariwp-content\/uploads\/2022\/01\/agenlaku-indonesia-pxz1DfpNEs0-unsplash-1024x683.jpg\" alt=\"Nestl\u00e9\" class=\"wp-image-7404\" width=\"777\" height=\"518\" srcset=\"https:\/\/interprogettied.com\/tecnologiealimentari\/wp-content\/uploads\/2022\/01\/agenlaku-indonesia-pxz1DfpNEs0-unsplash-1024x683.jpg 1024w, https:\/\/interprogettied.com\/tecnologiealimentari\/wp-content\/uploads\/2022\/01\/agenlaku-indonesia-pxz1DfpNEs0-unsplash-300x200.jpg 300w, https:\/\/interprogettied.com\/tecnologiealimentari\/wp-content\/uploads\/2022\/01\/agenlaku-indonesia-pxz1DfpNEs0-unsplash-768x512.jpg 768w, https:\/\/interprogettied.com\/tecnologiealimentari\/wp-content\/uploads\/2022\/01\/agenlaku-indonesia-pxz1DfpNEs0-unsplash-1536x1024.jpg 1536w, https:\/\/interprogettied.com\/tecnologiealimentari\/wp-content\/uploads\/2022\/01\/agenlaku-indonesia-pxz1DfpNEs0-unsplash-1200x800.jpg 1200w, https:\/\/interprogettied.com\/tecnologiealimentari\/wp-content\/uploads\/2022\/01\/agenlaku-indonesia-pxz1DfpNEs0-unsplash-128x86.jpg 128w\" sizes=\"auto, (max-width: 777px) 100vw, 777px\" \/><\/figure><\/div>\n\n\n\n<p>Il <strong><a href=\"https:\/\/www.nestle.it\/\" target=\"_blank\" rel=\"noreferrer noopener\">Gruppo&nbsp;Nestl\u00e9<\/a><\/strong>&nbsp;porta avanti i suoi impegni per la sostenibilit\u00e0 degli imballaggi&nbsp;in Italia&nbsp;con un&nbsp;investimento di 5 milioni di euro&nbsp;nel&nbsp;fondo italiano di venture capital Eureka! Fund,&nbsp;gestito da <strong><a href=\"https:\/\/www.eurekaventure.it\/\" target=\"_blank\" rel=\"noreferrer noopener\">EUREKA! Venture SGR<\/a><\/strong>. Questo investimento intende accelerare la ricerca per facilitare l\u2019introduzione di&nbsp;soluzioni di imballaggio innovative;&nbsp;migliorare&nbsp;la qualit\u00e0 dei processi di raccolta e riciclo;&nbsp;aumentare&nbsp;l\u2019adozione di plastica riciclata ad uso alimentare.&nbsp;La cifra investita \u00e8 parte del fondo da 250 milioni di CHF&nbsp;stanziato nel 2020 a livello globale dal Gruppo Nestl\u00e9 per dare un impulso alla sostenibilit\u00e0 degli imballaggi e migliorare i sistemi di riciclo.<\/p>\n\n\n\n<p>\u201cEureka! Fund I \u2013 Technology Transfer\u201d \u00e8 un fondo specializzato nel trasferimento tecnologico che si focalizza su investimenti in Advanced Materials e pi\u00f9 in generale in applicazioni e tecnologie riconducibili alla Scienza ed Ingegneria dei Materiali. Il Fondo investe prevalentemente nelle prime fasi di sviluppo di iniziative basate su tecnologie con alta potenzialit\u00e0 di mercato proposte da team di eccellenza o da startup collegate con le principali Universit\u00e0 e Centri di Ricerca Scientifica del Paese.<\/p>\n\n\n\n<p>Questo investimento intende supportare gli sforzi di Nestl\u00e9 per&nbsp;rendere il 100% dei propri imballaggi riciclabili o riutilizzabili entro il 2025&nbsp;e per&nbsp;ridurre di 1\/3 l\u2019uso di plastica vergine&nbsp;nello stesso periodo di tempo. In&nbsp;Italia&nbsp;sono stati gi\u00e0 ottenuti risultati significativi, con il&nbsp;97%&nbsp;di tutti gli&nbsp;imballaggi&nbsp;prodotti da Nestl\u00e9 in Italia che \u00e8 riciclabile. L&#8217;azienda continuer\u00e0 il suo percorso verso un futuro senza sprechi, sfruttando la sua esperienza guidata dal&nbsp;Nestl\u00e9 Institute of Packaging Sciences&nbsp;di Losanna, Svizzera, in collaborazione con gli stakeholder in Italia.<\/p>\n\n\n\n<p>La collaborazione tra Nestl\u00e9 e il fondo Eureka! si concentrer\u00e0 sulla ricerca di tecnologie e soluzioni in alcune aree cruciali della strategia di sostenibilit\u00e0 del Gruppo, come l\u2019innovazione di packaging, l\u2019incremento nell\u2019adozione di plastica riciclata ad uso alimentare e lo sviluppo di tecnologie che possano rendere&nbsp;pi\u00f9 efficace lo smistamento e la raccolta dei materiali, impattando positivamente su qualit\u00e0 e quantit\u00e0 dei processi di&nbsp;riciclo.<\/p>\n\n\n\n<p>\u201cSiamo orgogliosi di essere entrati a far parte del fondo Eureka!, che si distingue per la seriet\u00e0 dei progetti e la solidit\u00e0 dei suoi anchor investor. Sono certo che la collaborazione porter\u00e0 a importanti risultati\u201d, commenta Marco Travaglia, Presidente e Amministratore Delegato Gruppo Nestl\u00e9 Italia e Malta. \u201cIl nostro ingresso nel fondo Eureka! ci consentir\u00e0 di lavorare insieme per trovare nuove soluzioni di packaging innovative, finalizzate a favorire anche in Italia l\u2019introduzione di plastica riciclata ad uso alimentare e&nbsp;per migliorare la qualit\u00e0 dei processi di raccolta e riciclo.\u201d<\/p>\n\n\n\n<p>\u201cUna sfida che abbiamo cercato ed accettato fin da subito, certi del grande valore ed interesse reciproco nel siglare questa partnership. Un incredibile lavoro di squadra da entrambe le parti con un unico fine, quello di creare le condizioni per accelerare i processi di trasferimento tecnologico e riuscire a portare sul mercato soluzioni capaci di rispondere alle grandi sfide mondiali\u201d, aggiunge&nbsp;Anna Amati, Co-founder &amp; General Partner di EUREKA! Venture SGR. \u201cSiamo onorati di aver ottenuto la fiducia di Nestl\u00e9 quale primo Fondo di technology transfer su cui investire in Italia e sentiamo forte la responsabilit\u00e0 verso il Gruppo e verso il nostro Paese. Questa partnership rafforza il nostro impegno nel trovare le migliori tecnologie e soluzioni all\u2019interno dei laboratori degli Atenei e dei centri di ricerca italiani.\u201d<\/p>\n","protected":false},"excerpt":{"rendered":"<p>Il Gruppo&nbsp;Nestl\u00e9&nbsp;porta avanti i suoi impegni per la sostenibilit\u00e0 degli imballaggi&nbsp;in Italia&nbsp;con un&nbsp;investimento di 5 milioni di euro&nbsp;nel&nbsp;fondo italiano di venture capital Eureka! Fund,&nbsp;gestito da EUREKA! Venture SGR. Questo investimento intende accelerare la ricerca per facilitare l\u2019introduzione di&nbsp;soluzioni di imballaggio innovative;&nbsp;migliorare&nbsp;la qualit\u00e0 dei processi di [&hellip;]<\/p>\n","protected":false},"author":4,"featured_media":7404,"comment_status":"open","ping_status":"open","sticky":false,"template":"","format":"standard","meta":{"footnotes":""},"categories":[313,469],"tags":[],"class_list":["post-7402","post","type-post","status-publish","format-standard","has-post-thumbnail","hentry","category-articoli-attualita","category-attualita-per-tecnologie-alimentari"],"yoast_head":"<!-- This site is optimized with the Yoast SEO plugin v21.9.1 - https:\/\/yoast.com\/wordpress\/plugins\/seo\/ -->\n<title>Nestl\u00e9\u00a0investe in Eureka!\u00a0 - Tecnologie Alimentari<\/title>\n<meta name=\"description\" content=\"Il Gruppo\u00a0Nestl\u00e9\u00a0porta avanti i suoi impegni per la sostenibilit\u00e0 degli imballaggi\u00a0in Italia\u00a0con un\u00a0investimento di 5 milioni di euro\u00a0nel\u00a0fondo italiano di venture capital Eureka! Fund.\" \/>\n<meta name=\"robots\" content=\"index, follow, max-snippet:-1, max-image-preview:large, max-video-preview:-1\" \/>\n<link rel=\"canonical\" href=\"https:\/\/interprogettied.com\/tecnologiealimentari\/2022\/01\/nestle-investe-in-eureka\/\" \/>\n<meta property=\"og:locale\" content=\"it_IT\" \/>\n<meta property=\"og:type\" content=\"article\" \/>\n<meta property=\"og:title\" content=\"Nestl\u00e9\u00a0investe in Eureka!\u00a0 - Tecnologie Alimentari\" \/>\n<meta property=\"og:description\" content=\"Il Gruppo\u00a0Nestl\u00e9\u00a0porta avanti i suoi impegni per la sostenibilit\u00e0 degli imballaggi\u00a0in Italia\u00a0con un\u00a0investimento di 5 milioni di euro\u00a0nel\u00a0fondo italiano di venture capital Eureka! Fund.\" \/>\n<meta property=\"og:url\" content=\"https:\/\/interprogettied.com\/tecnologiealimentari\/2022\/01\/nestle-investe-in-eureka\/\" \/>\n<meta property=\"og:site_name\" content=\"Tecnologie Alimentari\" \/>\n<meta property=\"article:published_time\" content=\"2022-01-27T08:00:00+00:00\" \/>\n<meta property=\"article:modified_time\" content=\"2022-01-26T15:40:54+00:00\" \/>\n<meta property=\"og:image\" content=\"https:\/\/interprogettied.com\/tecnologiealimentari\/wp-content\/uploads\/2022\/01\/agenlaku-indonesia-pxz1DfpNEs0-unsplash-scaled.jpg\" \/>\n\t<meta property=\"og:image:width\" content=\"2560\" \/>\n\t<meta property=\"og:image:height\" content=\"1707\" \/>\n\t<meta property=\"og:image:type\" content=\"image\/jpeg\" \/>\n<meta name=\"author\" content=\"InterP920\" \/>\n<meta name=\"twitter:card\" content=\"summary_large_image\" \/>\n<meta name=\"twitter:label1\" content=\"Scritto da\" \/>\n\t<meta name=\"twitter:data1\" content=\"InterP920\" \/>\n\t<meta name=\"twitter:label2\" content=\"Tempo di lettura stimato\" \/>\n\t<meta name=\"twitter:data2\" content=\"3 minuti\" \/>\n<script type=\"application\/ld+json\" class=\"yoast-schema-graph\">{\"@context\":\"https:\/\/schema.org\",\"@graph\":[{\"@type\":\"WebPage\",\"@id\":\"https:\/\/interprogettied.com\/tecnologiealimentari\/2022\/01\/nestle-investe-in-eureka\/\",\"url\":\"https:\/\/interprogettied.com\/tecnologiealimentari\/2022\/01\/nestle-investe-in-eureka\/\",\"name\":\"Nestl\u00e9\u00a0investe in Eureka!\u00a0 - Tecnologie Alimentari\",\"isPartOf\":{\"@id\":\"https:\/\/interprogettied.com\/tecnologiealimentari\/#website\"},\"datePublished\":\"2022-01-27T08:00:00+00:00\",\"dateModified\":\"2022-01-26T15:40:54+00:00\",\"author\":{\"@id\":\"https:\/\/interprogettied.com\/tecnologiealimentari\/#\/schema\/person\/c7448c7ca13e57e26cf76bb292c7c255\"},\"description\":\"Il Gruppo\u00a0Nestl\u00e9\u00a0porta avanti i suoi impegni per la sostenibilit\u00e0 degli imballaggi\u00a0in Italia\u00a0con un\u00a0investimento di 5 milioni di euro\u00a0nel\u00a0fondo italiano di venture capital Eureka! Fund.\",\"breadcrumb\":{\"@id\":\"https:\/\/interprogettied.com\/tecnologiealimentari\/2022\/01\/nestle-investe-in-eureka\/#breadcrumb\"},\"inLanguage\":\"it-IT\",\"potentialAction\":[{\"@type\":\"ReadAction\",\"target\":[\"https:\/\/interprogettied.com\/tecnologiealimentari\/2022\/01\/nestle-investe-in-eureka\/\"]}]},{\"@type\":\"BreadcrumbList\",\"@id\":\"https:\/\/interprogettied.com\/tecnologiealimentari\/2022\/01\/nestle-investe-in-eureka\/#breadcrumb\",\"itemListElement\":[{\"@type\":\"ListItem\",\"position\":1,\"name\":\"Home\",\"item\":\"https:\/\/interprogettied.com\/tecnologiealimentari\/\"},{\"@type\":\"ListItem\",\"position\":2,\"name\":\"Nestl\u00e9\u00a0investe in Eureka!\u00a0\"}]},{\"@type\":\"WebSite\",\"@id\":\"https:\/\/interprogettied.com\/tecnologiealimentari\/#website\",\"url\":\"https:\/\/interprogettied.com\/tecnologiealimentari\/\",\"name\":\"Tecnologie Alimentari\",\"description\":\"Interprogetti editori\",\"potentialAction\":[{\"@type\":\"SearchAction\",\"target\":{\"@type\":\"EntryPoint\",\"urlTemplate\":\"https:\/\/interprogettied.com\/tecnologiealimentari\/?s={search_term_string}\"},\"query-input\":\"required name=search_term_string\"}],\"inLanguage\":\"it-IT\"},{\"@type\":\"Person\",\"@id\":\"https:\/\/interprogettied.com\/tecnologiealimentari\/#\/schema\/person\/c7448c7ca13e57e26cf76bb292c7c255\",\"name\":\"InterP920\",\"image\":{\"@type\":\"ImageObject\",\"inLanguage\":\"it-IT\",\"@id\":\"https:\/\/interprogettied.com\/tecnologiealimentari\/#\/schema\/person\/image\/\",\"url\":\"https:\/\/secure.gravatar.com\/avatar\/93644f5d9e0eed887188f5bbdaee0341ce103847fc5e89f1d467e514be324899?s=96&d=mm&r=g\",\"contentUrl\":\"https:\/\/secure.gravatar.com\/avatar\/93644f5d9e0eed887188f5bbdaee0341ce103847fc5e89f1d467e514be324899?s=96&d=mm&r=g\",\"caption\":\"InterP920\"},\"url\":\"https:\/\/interprogettied.com\/tecnologiealimentari\/author\/interp920\/\"}]}<\/script>\n<!-- \/ Yoast SEO plugin. -->","yoast_head_json":{"title":"Nestl\u00e9\u00a0investe in Eureka!\u00a0 - Tecnologie Alimentari","description":"Il Gruppo\u00a0Nestl\u00e9\u00a0porta avanti i suoi impegni per la sostenibilit\u00e0 degli imballaggi\u00a0in Italia\u00a0con un\u00a0investimento di 5 milioni di euro\u00a0nel\u00a0fondo italiano di venture capital Eureka! Fund.","robots":{"index":"index","follow":"follow","max-snippet":"max-snippet:-1","max-image-preview":"max-image-preview:large","max-video-preview":"max-video-preview:-1"},"canonical":"https:\/\/interprogettied.com\/tecnologiealimentari\/2022\/01\/nestle-investe-in-eureka\/","og_locale":"it_IT","og_type":"article","og_title":"Nestl\u00e9\u00a0investe in Eureka!\u00a0 - Tecnologie Alimentari","og_description":"Il Gruppo\u00a0Nestl\u00e9\u00a0porta avanti i suoi impegni per la sostenibilit\u00e0 degli imballaggi\u00a0in Italia\u00a0con un\u00a0investimento di 5 milioni di euro\u00a0nel\u00a0fondo italiano di venture capital Eureka! Fund.","og_url":"https:\/\/interprogettied.com\/tecnologiealimentari\/2022\/01\/nestle-investe-in-eureka\/","og_site_name":"Tecnologie Alimentari","article_published_time":"2022-01-27T08:00:00+00:00","article_modified_time":"2022-01-26T15:40:54+00:00","og_image":[{"width":2560,"height":1707,"url":"https:\/\/interprogettied.com\/tecnologiealimentari\/wp-content\/uploads\/2022\/01\/agenlaku-indonesia-pxz1DfpNEs0-unsplash-scaled.jpg","type":"image\/jpeg"}],"author":"InterP920","twitter_card":"summary_large_image","twitter_misc":{"Scritto da":"InterP920","Tempo di lettura stimato":"3 minuti"},"schema":{"@context":"https:\/\/schema.org","@graph":[{"@type":"WebPage","@id":"https:\/\/interprogettied.com\/tecnologiealimentari\/2022\/01\/nestle-investe-in-eureka\/","url":"https:\/\/interprogettied.com\/tecnologiealimentari\/2022\/01\/nestle-investe-in-eureka\/","name":"Nestl\u00e9\u00a0investe in Eureka!\u00a0 - Tecnologie Alimentari","isPartOf":{"@id":"https:\/\/interprogettied.com\/tecnologiealimentari\/#website"},"datePublished":"2022-01-27T08:00:00+00:00","dateModified":"2022-01-26T15:40:54+00:00","author":{"@id":"https:\/\/interprogettied.com\/tecnologiealimentari\/#\/schema\/person\/c7448c7ca13e57e26cf76bb292c7c255"},"description":"Il Gruppo\u00a0Nestl\u00e9\u00a0porta avanti i suoi impegni per la sostenibilit\u00e0 degli imballaggi\u00a0in Italia\u00a0con un\u00a0investimento di 5 milioni di euro\u00a0nel\u00a0fondo italiano di venture capital Eureka! Fund.","breadcrumb":{"@id":"https:\/\/interprogettied.com\/tecnologiealimentari\/2022\/01\/nestle-investe-in-eureka\/#breadcrumb"},"inLanguage":"it-IT","potentialAction":[{"@type":"ReadAction","target":["https:\/\/interprogettied.com\/tecnologiealimentari\/2022\/01\/nestle-investe-in-eureka\/"]}]},{"@type":"BreadcrumbList","@id":"https:\/\/interprogettied.com\/tecnologiealimentari\/2022\/01\/nestle-investe-in-eureka\/#breadcrumb","itemListElement":[{"@type":"ListItem","position":1,"name":"Home","item":"https:\/\/interprogettied.com\/tecnologiealimentari\/"},{"@type":"ListItem","position":2,"name":"Nestl\u00e9\u00a0investe in Eureka!\u00a0"}]},{"@type":"WebSite","@id":"https:\/\/interprogettied.com\/tecnologiealimentari\/#website","url":"https:\/\/interprogettied.com\/tecnologiealimentari\/","name":"Tecnologie Alimentari","description":"Interprogetti editori","potentialAction":[{"@type":"SearchAction","target":{"@type":"EntryPoint","urlTemplate":"https:\/\/interprogettied.com\/tecnologiealimentari\/?s={search_term_string}"},"query-input":"required name=search_term_string"}],"inLanguage":"it-IT"},{"@type":"Person","@id":"https:\/\/interprogettied.com\/tecnologiealimentari\/#\/schema\/person\/c7448c7ca13e57e26cf76bb292c7c255","name":"InterP920","image":{"@type":"ImageObject","inLanguage":"it-IT","@id":"https:\/\/interprogettied.com\/tecnologiealimentari\/#\/schema\/person\/image\/","url":"https:\/\/secure.gravatar.com\/avatar\/93644f5d9e0eed887188f5bbdaee0341ce103847fc5e89f1d467e514be324899?s=96&d=mm&r=g","contentUrl":"https:\/\/secure.gravatar.com\/avatar\/93644f5d9e0eed887188f5bbdaee0341ce103847fc5e89f1d467e514be324899?s=96&d=mm&r=g","caption":"InterP920"},"url":"https:\/\/interprogettied.com\/tecnologiealimentari\/author\/interp920\/"}]}},"_links":{"self":[{"href":"https:\/\/interprogettied.com\/tecnologiealimentari\/wp-json\/wp\/v2\/posts\/7402","targetHints":{"allow":["GET"]}}],"collection":[{"href":"https:\/\/interprogettied.com\/tecnologiealimentari\/wp-json\/wp\/v2\/posts"}],"about":[{"href":"https:\/\/interprogettied.com\/tecnologiealimentari\/wp-json\/wp\/v2\/types\/post"}],"author":[{"embeddable":true,"href":"https:\/\/interprogettied.com\/tecnologiealimentari\/wp-json\/wp\/v2\/users\/4"}],"replies":[{"embeddable":true,"href":"https:\/\/interprogettied.com\/tecnologiealimentari\/wp-json\/wp\/v2\/comments?post=7402"}],"version-history":[{"count":2,"href":"https:\/\/interprogettied.com\/tecnologiealimentari\/wp-json\/wp\/v2\/posts\/7402\/revisions"}],"predecessor-version":[{"id":7406,"href":"https:\/\/interprogettied.com\/tecnologiealimentari\/wp-json\/wp\/v2\/posts\/7402\/revisions\/7406"}],"wp:featuredmedia":[{"embeddable":true,"href":"https:\/\/interprogettied.com\/tecnologiealimentari\/wp-json\/wp\/v2\/media\/7404"}],"wp:attachment":[{"href":"https:\/\/interprogettied.com\/tecnologiealimentari\/wp-json\/wp\/v2\/media?parent=7402"}],"wp:term":[{"taxonomy":"category","embeddable":true,"href":"https:\/\/interprogettied.com\/tecnologiealimentari\/wp-json\/wp\/v2\/categories?post=7402"},{"taxonomy":"post_tag","embeddable":true,"href":"https:\/\/interprogettied.com\/tecnologiealimentari\/wp-json\/wp\/v2\/tags?post=7402"}],"curies":[{"name":"wp","href":"https:\/\/api.w.org\/{rel}","templated":true}]}}