{"id":3736,"date":"2020-04-23T07:00:23","date_gmt":"2020-04-23T05:00:23","guid":{"rendered":"https:\/\/interprogettied.com\/?p=3736"},"modified":"2020-04-23T07:00:23","modified_gmt":"2020-04-23T05:00:23","slug":"assica-chiede-alle-istituzioni-incentivi-al-consumo-di-carne-suina","status":"publish","type":"post","link":"https:\/\/interprogettied.com\/tecnologiealimentari\/2020\/04\/assica-chiede-alle-istituzioni-incentivi-al-consumo-di-carne-suina\/","title":{"rendered":"ASSICA chiede alle istituzioni incentivi al consumo di carne suina"},"content":{"rendered":"<p>Un grido di allarme arriva dall\u2019<a href=\"https:\/\/www.assica.it\/it\/\" target=\"_blank\" rel=\"noopener noreferrer\">Associazione Industriali delle Carni e dei Salumi (ASSICA)<\/a> per la situazione in cui versa il settore della trasformazione, gi\u00e0 provato da un 2019 caratterizzato dai fortissimi aumenti della materia prima di carne suina, e che oggi vive una condizione di maggiore affanno aggravata dall\u2019emergenza Covid-19 e dalle restrizioni imposte per il contenimento del contagio.\u00a0Restrizioni che hanno comportato la chiusura del canale Ho.Re.Ca. con conseguente perdita di oltre il 20% del fatturato, per importi superiori ai 230 milioni\u00a0di euro al mese tra carni suine e salumi.<\/p>\n<p>Perdite che si aggiungono a quelle relative alle esportazioni, che stanno soffrendo per difficolt\u00e0 logistiche e provvedimenti di lockdown dei principali Paesi importatori. Si \u00e8 gi\u00e0 chiuso il 2019 con un rallentamento dell\u2019export (-0,3% volume +1,4% valore) e purtroppo il 2020 non si prospetta migliore. Anche sul fonte della produzione la situazione \u00e8 molto complessa: si procede a rilento a causa del calo della presenza del personale e dell\u2019implementazione delle necessarie misure sicurezza aggiuntive all\u2019interno degli stabilimenti.<\/p>\n<p>In questo scenario difficile, Assica, con senso di piena responsabilit\u00e0 verso il Paese e verso i propri collaboratori, in rappresentanza delle aziende del settore, chiede con forza alle Istituzioni misure di sostegno della filiera alcune delle quali potrebbero essere attivate immediatamente se si sbloccassero le risorse ministeriali gi\u00e0 oggi disponibili con il fondo suinicolo nazionale. \u201cOccorre urgentemente attivare campagne di\u00a0promozione e di sostegno ai consumi in punto vendita\u00a0\u2013 in particolare nel banco taglio &#8211;\u00a0per\u00a0mantenere attiva la domanda\u201d, ha dichiarato il presidente di Assica, Nicola Levoni. \u201cSolo attraverso un aumento dei consumi, le imprese di trasformazione potranno liberare la merce dai magazzini e immetterla sul mercato, favorendo cos\u00ec il corretto funzionamento della filiera e la giusta remunerazione per tutti gli attori coinvolti.\u201d<\/p>\n<p>\u201cPer lo stesso motivo ribadiamo la richiesta al Governo di prevedere quanto prima un sostegno ai redditi, anche attraverso meccanismi di defiscalizzazione delle retribuzioni dei lavoratori che oggi pi\u00f9 che mai si impegnano per garantire cibo sempre buono, sano e sicuro a tutto il Paese\u201d.<\/p>\n<p>Parliamo di un settore fondamentale per l\u2019economia del nostro Paese. Oltre 900 aziende di tipo industriale per 29.900 addetti circa, che fatturano circa 8 miliardi di euro nel solo comparto dei salumi, di cui oltre 1,5 miliardi di euro deriva dalle esportazioni dei pregiati salumi made in Italy. Un settore che in emergenza non si \u00e8 tirato indietro ma che sta cercando di sostenere le necessit\u00e0 del Paese, grazie a tutti gli addetti che hanno a continuato la produzione di alimenti essenziali e che sono parte delle nostre tradizioni. Un settore che perlopi\u00f9 \u00e8 formato da aziende familiari, che mantengono alti i valori dell\u2019italianit\u00e0 e del legame col territorio. Un settore che va salvaguardato, per il bene di tutti.<\/p>\n<p>&nbsp;<\/p>\n","protected":false},"excerpt":{"rendered":"<p>Un grido di allarme arriva dall\u2019Associazione Industriali delle Carni e dei Salumi (ASSICA) per la situazione in cui versa il settore della trasformazione, gi\u00e0 provato da un 2019 caratterizzato dai fortissimi aumenti della materia prima di carne suina, e che oggi vive una condizione di [&hellip;]<\/p>\n","protected":false},"author":4,"featured_media":3738,"comment_status":"closed","ping_status":"closed","sticky":false,"template":"","format":"standard","meta":{"footnotes":""},"categories":[469],"tags":[576,377],"class_list":["post-3736","post","type-post","status-publish","format-standard","has-post-thumbnail","hentry","category-attualita-per-tecnologie-alimentari","tag-assica","tag-tecnologie-alimentari"],"yoast_head":"<!-- This site is optimized with the Yoast SEO plugin v21.9.1 - https:\/\/yoast.com\/wordpress\/plugins\/seo\/ -->\n<title>ASSICA chiede alle istituzioni incentivi al consumo di carne suina - Tecnologie Alimentari<\/title>\n<meta name=\"robots\" content=\"index, follow, max-snippet:-1, max-image-preview:large, max-video-preview:-1\" \/>\n<link rel=\"canonical\" href=\"https:\/\/interprogettied.com\/tecnologiealimentari\/2020\/04\/assica-chiede-alle-istituzioni-incentivi-al-consumo-di-carne-suina\/\" \/>\n<meta property=\"og:locale\" content=\"it_IT\" \/>\n<meta property=\"og:type\" content=\"article\" \/>\n<meta property=\"og:title\" content=\"ASSICA chiede alle istituzioni incentivi al consumo di carne suina - Tecnologie Alimentari\" \/>\n<meta property=\"og:description\" content=\"Un grido di allarme arriva dall\u2019Associazione Industriali delle Carni e dei Salumi (ASSICA) per la situazione in cui versa il settore della trasformazione, gi\u00e0 provato da un 2019 caratterizzato dai fortissimi aumenti della materia prima di carne suina, e che oggi vive una condizione di [&hellip;]\" \/>\n<meta property=\"og:url\" content=\"https:\/\/interprogettied.com\/tecnologiealimentari\/2020\/04\/assica-chiede-alle-istituzioni-incentivi-al-consumo-di-carne-suina\/\" \/>\n<meta property=\"og:site_name\" content=\"Tecnologie Alimentari\" \/>\n<meta property=\"article:published_time\" content=\"2020-04-23T05:00:23+00:00\" \/>\n<meta property=\"og:image\" content=\"https:\/\/interprogettied.com\/tecnologiealimentari\/wp-content\/uploads\/2020\/04\/ASSICA-incentivi-consumi-carne-suina.jpg\" \/>\n\t<meta property=\"og:image:width\" content=\"960\" \/>\n\t<meta property=\"og:image:height\" content=\"640\" \/>\n\t<meta property=\"og:image:type\" content=\"image\/jpeg\" \/>\n<meta name=\"author\" content=\"InterP920\" \/>\n<meta name=\"twitter:card\" content=\"summary_large_image\" \/>\n<meta name=\"twitter:label1\" content=\"Scritto da\" \/>\n\t<meta name=\"twitter:data1\" content=\"InterP920\" \/>\n\t<meta name=\"twitter:label2\" content=\"Tempo di lettura stimato\" \/>\n\t<meta name=\"twitter:data2\" content=\"2 minuti\" \/>\n<script type=\"application\/ld+json\" class=\"yoast-schema-graph\">{\"@context\":\"https:\/\/schema.org\",\"@graph\":[{\"@type\":\"WebPage\",\"@id\":\"https:\/\/interprogettied.com\/tecnologiealimentari\/2020\/04\/assica-chiede-alle-istituzioni-incentivi-al-consumo-di-carne-suina\/\",\"url\":\"https:\/\/interprogettied.com\/tecnologiealimentari\/2020\/04\/assica-chiede-alle-istituzioni-incentivi-al-consumo-di-carne-suina\/\",\"name\":\"ASSICA chiede alle istituzioni incentivi al consumo di carne suina - Tecnologie Alimentari\",\"isPartOf\":{\"@id\":\"https:\/\/interprogettied.com\/tecnologiealimentari\/#website\"},\"datePublished\":\"2020-04-23T05:00:23+00:00\",\"dateModified\":\"2020-04-23T05:00:23+00:00\",\"author\":{\"@id\":\"https:\/\/interprogettied.com\/tecnologiealimentari\/#\/schema\/person\/c7448c7ca13e57e26cf76bb292c7c255\"},\"breadcrumb\":{\"@id\":\"https:\/\/interprogettied.com\/tecnologiealimentari\/2020\/04\/assica-chiede-alle-istituzioni-incentivi-al-consumo-di-carne-suina\/#breadcrumb\"},\"inLanguage\":\"it-IT\",\"potentialAction\":[{\"@type\":\"ReadAction\",\"target\":[\"https:\/\/interprogettied.com\/tecnologiealimentari\/2020\/04\/assica-chiede-alle-istituzioni-incentivi-al-consumo-di-carne-suina\/\"]}]},{\"@type\":\"BreadcrumbList\",\"@id\":\"https:\/\/interprogettied.com\/tecnologiealimentari\/2020\/04\/assica-chiede-alle-istituzioni-incentivi-al-consumo-di-carne-suina\/#breadcrumb\",\"itemListElement\":[{\"@type\":\"ListItem\",\"position\":1,\"name\":\"Home\",\"item\":\"https:\/\/interprogettied.com\/tecnologiealimentari\/\"},{\"@type\":\"ListItem\",\"position\":2,\"name\":\"ASSICA chiede alle istituzioni incentivi al consumo di carne suina\"}]},{\"@type\":\"WebSite\",\"@id\":\"https:\/\/interprogettied.com\/tecnologiealimentari\/#website\",\"url\":\"https:\/\/interprogettied.com\/tecnologiealimentari\/\",\"name\":\"Tecnologie Alimentari\",\"description\":\"Interprogetti editori\",\"potentialAction\":[{\"@type\":\"SearchAction\",\"target\":{\"@type\":\"EntryPoint\",\"urlTemplate\":\"https:\/\/interprogettied.com\/tecnologiealimentari\/?s={search_term_string}\"},\"query-input\":\"required name=search_term_string\"}],\"inLanguage\":\"it-IT\"},{\"@type\":\"Person\",\"@id\":\"https:\/\/interprogettied.com\/tecnologiealimentari\/#\/schema\/person\/c7448c7ca13e57e26cf76bb292c7c255\",\"name\":\"InterP920\",\"image\":{\"@type\":\"ImageObject\",\"inLanguage\":\"it-IT\",\"@id\":\"https:\/\/interprogettied.com\/tecnologiealimentari\/#\/schema\/person\/image\/\",\"url\":\"https:\/\/secure.gravatar.com\/avatar\/93644f5d9e0eed887188f5bbdaee0341ce103847fc5e89f1d467e514be324899?s=96&d=mm&r=g\",\"contentUrl\":\"https:\/\/secure.gravatar.com\/avatar\/93644f5d9e0eed887188f5bbdaee0341ce103847fc5e89f1d467e514be324899?s=96&d=mm&r=g\",\"caption\":\"InterP920\"},\"url\":\"https:\/\/interprogettied.com\/tecnologiealimentari\/author\/interp920\/\"}]}<\/script>\n<!-- \/ Yoast SEO plugin. -->","yoast_head_json":{"title":"ASSICA chiede alle istituzioni incentivi al consumo di carne suina - Tecnologie Alimentari","robots":{"index":"index","follow":"follow","max-snippet":"max-snippet:-1","max-image-preview":"max-image-preview:large","max-video-preview":"max-video-preview:-1"},"canonical":"https:\/\/interprogettied.com\/tecnologiealimentari\/2020\/04\/assica-chiede-alle-istituzioni-incentivi-al-consumo-di-carne-suina\/","og_locale":"it_IT","og_type":"article","og_title":"ASSICA chiede alle istituzioni incentivi al consumo di carne suina - Tecnologie Alimentari","og_description":"Un grido di allarme arriva dall\u2019Associazione Industriali delle Carni e dei Salumi (ASSICA) per la situazione in cui versa il settore della trasformazione, gi\u00e0 provato da un 2019 caratterizzato dai fortissimi aumenti della materia prima di carne suina, e che oggi vive una condizione di [&hellip;]","og_url":"https:\/\/interprogettied.com\/tecnologiealimentari\/2020\/04\/assica-chiede-alle-istituzioni-incentivi-al-consumo-di-carne-suina\/","og_site_name":"Tecnologie Alimentari","article_published_time":"2020-04-23T05:00:23+00:00","og_image":[{"width":960,"height":640,"url":"https:\/\/interprogettied.com\/tecnologiealimentari\/wp-content\/uploads\/2020\/04\/ASSICA-incentivi-consumi-carne-suina.jpg","type":"image\/jpeg"}],"author":"InterP920","twitter_card":"summary_large_image","twitter_misc":{"Scritto da":"InterP920","Tempo di lettura stimato":"2 minuti"},"schema":{"@context":"https:\/\/schema.org","@graph":[{"@type":"WebPage","@id":"https:\/\/interprogettied.com\/tecnologiealimentari\/2020\/04\/assica-chiede-alle-istituzioni-incentivi-al-consumo-di-carne-suina\/","url":"https:\/\/interprogettied.com\/tecnologiealimentari\/2020\/04\/assica-chiede-alle-istituzioni-incentivi-al-consumo-di-carne-suina\/","name":"ASSICA chiede alle istituzioni incentivi al consumo di carne suina - Tecnologie Alimentari","isPartOf":{"@id":"https:\/\/interprogettied.com\/tecnologiealimentari\/#website"},"datePublished":"2020-04-23T05:00:23+00:00","dateModified":"2020-04-23T05:00:23+00:00","author":{"@id":"https:\/\/interprogettied.com\/tecnologiealimentari\/#\/schema\/person\/c7448c7ca13e57e26cf76bb292c7c255"},"breadcrumb":{"@id":"https:\/\/interprogettied.com\/tecnologiealimentari\/2020\/04\/assica-chiede-alle-istituzioni-incentivi-al-consumo-di-carne-suina\/#breadcrumb"},"inLanguage":"it-IT","potentialAction":[{"@type":"ReadAction","target":["https:\/\/interprogettied.com\/tecnologiealimentari\/2020\/04\/assica-chiede-alle-istituzioni-incentivi-al-consumo-di-carne-suina\/"]}]},{"@type":"BreadcrumbList","@id":"https:\/\/interprogettied.com\/tecnologiealimentari\/2020\/04\/assica-chiede-alle-istituzioni-incentivi-al-consumo-di-carne-suina\/#breadcrumb","itemListElement":[{"@type":"ListItem","position":1,"name":"Home","item":"https:\/\/interprogettied.com\/tecnologiealimentari\/"},{"@type":"ListItem","position":2,"name":"ASSICA chiede alle istituzioni incentivi al consumo di carne suina"}]},{"@type":"WebSite","@id":"https:\/\/interprogettied.com\/tecnologiealimentari\/#website","url":"https:\/\/interprogettied.com\/tecnologiealimentari\/","name":"Tecnologie Alimentari","description":"Interprogetti editori","potentialAction":[{"@type":"SearchAction","target":{"@type":"EntryPoint","urlTemplate":"https:\/\/interprogettied.com\/tecnologiealimentari\/?s={search_term_string}"},"query-input":"required name=search_term_string"}],"inLanguage":"it-IT"},{"@type":"Person","@id":"https:\/\/interprogettied.com\/tecnologiealimentari\/#\/schema\/person\/c7448c7ca13e57e26cf76bb292c7c255","name":"InterP920","image":{"@type":"ImageObject","inLanguage":"it-IT","@id":"https:\/\/interprogettied.com\/tecnologiealimentari\/#\/schema\/person\/image\/","url":"https:\/\/secure.gravatar.com\/avatar\/93644f5d9e0eed887188f5bbdaee0341ce103847fc5e89f1d467e514be324899?s=96&d=mm&r=g","contentUrl":"https:\/\/secure.gravatar.com\/avatar\/93644f5d9e0eed887188f5bbdaee0341ce103847fc5e89f1d467e514be324899?s=96&d=mm&r=g","caption":"InterP920"},"url":"https:\/\/interprogettied.com\/tecnologiealimentari\/author\/interp920\/"}]}},"_links":{"self":[{"href":"https:\/\/interprogettied.com\/tecnologiealimentari\/wp-json\/wp\/v2\/posts\/3736","targetHints":{"allow":["GET"]}}],"collection":[{"href":"https:\/\/interprogettied.com\/tecnologiealimentari\/wp-json\/wp\/v2\/posts"}],"about":[{"href":"https:\/\/interprogettied.com\/tecnologiealimentari\/wp-json\/wp\/v2\/types\/post"}],"author":[{"embeddable":true,"href":"https:\/\/interprogettied.com\/tecnologiealimentari\/wp-json\/wp\/v2\/users\/4"}],"replies":[{"embeddable":true,"href":"https:\/\/interprogettied.com\/tecnologiealimentari\/wp-json\/wp\/v2\/comments?post=3736"}],"version-history":[{"count":0,"href":"https:\/\/interprogettied.com\/tecnologiealimentari\/wp-json\/wp\/v2\/posts\/3736\/revisions"}],"wp:featuredmedia":[{"embeddable":true,"href":"https:\/\/interprogettied.com\/tecnologiealimentari\/wp-json\/wp\/v2\/media\/3738"}],"wp:attachment":[{"href":"https:\/\/interprogettied.com\/tecnologiealimentari\/wp-json\/wp\/v2\/media?parent=3736"}],"wp:term":[{"taxonomy":"category","embeddable":true,"href":"https:\/\/interprogettied.com\/tecnologiealimentari\/wp-json\/wp\/v2\/categories?post=3736"},{"taxonomy":"post_tag","embeddable":true,"href":"https:\/\/interprogettied.com\/tecnologiealimentari\/wp-json\/wp\/v2\/tags?post=3736"}],"curies":[{"name":"wp","href":"https:\/\/api.w.org\/{rel}","templated":true}]}}