{"id":3669,"date":"2020-04-14T07:00:17","date_gmt":"2020-04-14T05:00:17","guid":{"rendered":"https:\/\/interprogettied.com\/?p=3669"},"modified":"2020-04-14T07:00:17","modified_gmt":"2020-04-14T05:00:17","slug":"lorenzo-bottinelli-nuovo-amministratore-delegato-di-basf-italia","status":"publish","type":"post","link":"https:\/\/interprogettied.com\/tecnologiealimentari\/2020\/04\/lorenzo-bottinelli-nuovo-amministratore-delegato-di-basf-italia\/","title":{"rendered":"Lorenzo Bottinelli nuovo amministratore delegato di BASF Italia"},"content":{"rendered":"<p>Il consiglio di amministrazione di <a href=\"https:\/\/www.basf.com\/it\/it.html\" target=\"_blank\" rel=\"noopener noreferrer\">BASF Italia<\/a> ha nominato Lorenzo Bottinelli come nuovo amministratore delegato e vicepresidente di BASF Italia. Succede ad Andreas Riehemann, che ha guidato l\u2019organizzazione italiana dal 2016 fino ad oggi.<\/p>\n<p>Lorenzo Bottinelli, classe 1976, chimico con un Master in Business Administration, ha maturato una lunga esperienza in BASF ricoprendo ruoli di crescente responsabilit\u00e0. Prima nella divisione Coatings e, quindi, nelle vendite, per approdare, nel 2017, a capo della direzione commerciale di BASF Italia. Lorenzo ha dunque alle spalle un ventennale percorso di crescita in seno al Gruppo che gli ha consentito di conoscere a fondo il contesto e i mercati e che, al contempo, conferma l\u2019impegno di BASF nella valorizzazione del proprio capitale umano.<\/p>\n<p><a href=\"https:\/\/democomunicoweb.it\/icf\/wp-content\/uploads\/2020\/04\/BASF-AD-Bottinelli-1.jpg\"><img loading=\"lazy\" decoding=\"async\" class=\"aligncenter size-medium wp-image-3675\" src=\"https:\/\/democomunicoweb.it\/icf\/wp-content\/uploads\/2020\/04\/BASF-AD-Bottinelli-1-300x263.jpg\" alt=\"BASF AD Bottinelli\" width=\"300\" height=\"263\" srcset=\"https:\/\/interprogettied.com\/tecnologiealimentari\/wp-content\/uploads\/2020\/04\/BASF-AD-Bottinelli-1-300x263.jpg 300w, https:\/\/interprogettied.com\/tecnologiealimentari\/wp-content\/uploads\/2020\/04\/BASF-AD-Bottinelli-1-768x674.jpg 768w, https:\/\/interprogettied.com\/tecnologiealimentari\/wp-content\/uploads\/2020\/04\/BASF-AD-Bottinelli-1.jpg 1000w\" sizes=\"auto, (max-width: 300px) 100vw, 300px\" \/><\/a>\u201cSono davvero molto onorato di questa nomina, sento chiaramente la responsabilit\u00e0 di rappresentare un grande Gruppo come BASF in un paese strategico come l\u2019Italia, soprattutto in un momento storico delicato e drammatico come quello che stiamo vivendo\u201d, ha dichiarato Lorenzo Bottinelli. \u201cLe sfide che ci attendono, anche e soprattutto quando l\u2019emergenza sar\u00e0 superata, sono molteplici e complesse e richiederanno un impegno straordinario. Rimango confidente nel contributo che BASF continuer\u00e0 a offrire a settori chiave del Made in Italy come l\u2019agricoltura, il biomedicale, il design, le costruzioni e il Personal Care.\u201d<\/p>\n<p>\u201cLa nostra \u00e8 una presenza radicata sul territorio che conta oltre 1.500 occupati diretti, professionisti di altissimo livello che ogni giorno contribuiscono allo sviluppo sostenibile studiando nuovi materiali, ottimizzando processi e applicazioni e integrando, sempre pi\u00f9, l\u2019approccio digital\u201d.<\/p>\n<p>Lorenzo Bottinelli, 44 anni, si \u00e8 laureato con lode in Chimica e ha conseguito un MBA presso SDA Bocconi. Comincia il suo percorso in BASF nel 2000 nella Divisione Coatings, dapprima come Project Manager e poi come Supply Chain Manager. Nel 2004 passa al reparto Vendite, dove, nel corso degli anni ricopre ruoli di crescente responsabilit\u00e0: nel 2005 \u00e8 Sales Manager per il Sud-Europa, mentre nel 2007 assume la direzione del settore Automotive gestendo le attivit\u00e0 di vendita, assistenza tecnica e laboratorio applicativo. Nel 2010 viene nominato responsabile di BTC, la divisione di BASF specializzata nella distribuzione di specialit\u00e0 chimiche per clienti di piccole e medie dimensioni. Nel 2017 succede a Daniel Campo nella direzione commerciale di BASF Italia.<\/p>\n<p><strong>BASF in Italia<\/strong><\/p>\n<p>Presente in Italia dal 1946, BASF \u00e8 una realt\u00e0 radicata nel Paese con uno staff di circa 1.500 persone, 7 societ\u00e0, 13 siti, di cui 8 produttivi, che forniscono soluzioni per i principali comparti d\u2019eccellenza italiani: automotive, biomedicale, packaging, industria calzaturiera, personal care, food&amp;nutrition, arredamento. Nel 2018 le vendite complessive di BASF Italia hanno generato un fatturato pari a 1.928 milioni di euro.<\/p>\n<p>BASF unisce al successo economico la tutela dell\u2019ambiente e la responsabilit\u00e0 sociale. Pi\u00f9 di 117.000 collaboratori del Gruppo lavorano per contribuire al successo dei clienti, in quasi tutti i settori industriali e Paesi del mondo. Il portafoglio prodotti \u00e8 organizzato in sei segmenti: Chemicals, Materials, Industrial Solutions, Surface, Technologies, Nutrition&amp;Care and Agricultural Solutions. Nel 2018 BASF ha generato vendite per 59 miliardi di euro. BASF \u00e8 quotata nelle Borse di Francoforte (BAS), e come American Depositary Receipts (BASF) negli USA.<\/p>\n","protected":false},"excerpt":{"rendered":"<p>Il consiglio di amministrazione di BASF Italia ha nominato Lorenzo Bottinelli come nuovo amministratore delegato e vicepresidente di BASF Italia. Succede ad Andreas Riehemann, che ha guidato l\u2019organizzazione italiana dal 2016 fino ad oggi. Lorenzo Bottinelli, classe 1976, chimico con un Master in Business Administration, [&hellip;]<\/p>\n","protected":false},"author":4,"featured_media":3703,"comment_status":"closed","ping_status":"closed","sticky":false,"template":"","format":"standard","meta":{"footnotes":""},"categories":[279],"tags":[408,393,345],"class_list":["post-3669","post","type-post","status-publish","format-standard","has-post-thumbnail","hentry","category-attualita-per-icf","tag-basf","tag-icf","tag-icf-rivista-dellindustria-chimica-e-farmaceutica"],"yoast_head":"<!-- This site is optimized with the Yoast SEO plugin v21.9.1 - https:\/\/yoast.com\/wordpress\/plugins\/seo\/ -->\n<title>Lorenzo Bottinelli nuovo amministratore delegato di BASF Italia - Tecnologie Alimentari<\/title>\n<meta name=\"robots\" content=\"index, follow, max-snippet:-1, max-image-preview:large, max-video-preview:-1\" \/>\n<link rel=\"canonical\" href=\"https:\/\/interprogettied.com\/tecnologiealimentari\/2020\/04\/lorenzo-bottinelli-nuovo-amministratore-delegato-di-basf-italia\/\" \/>\n<meta property=\"og:locale\" content=\"it_IT\" \/>\n<meta property=\"og:type\" content=\"article\" \/>\n<meta property=\"og:title\" content=\"Lorenzo Bottinelli nuovo amministratore delegato di BASF Italia - Tecnologie Alimentari\" \/>\n<meta property=\"og:description\" content=\"Il consiglio di amministrazione di BASF Italia ha nominato Lorenzo Bottinelli come nuovo amministratore delegato e vicepresidente di BASF Italia. Succede ad Andreas Riehemann, che ha guidato l\u2019organizzazione italiana dal 2016 fino ad oggi. Lorenzo Bottinelli, classe 1976, chimico con un Master in Business Administration, [&hellip;]\" \/>\n<meta property=\"og:url\" content=\"https:\/\/interprogettied.com\/tecnologiealimentari\/2020\/04\/lorenzo-bottinelli-nuovo-amministratore-delegato-di-basf-italia\/\" \/>\n<meta property=\"og:site_name\" content=\"Tecnologie Alimentari\" \/>\n<meta property=\"article:published_time\" content=\"2020-04-14T05:00:17+00:00\" \/>\n<meta property=\"og:image\" content=\"https:\/\/interprogettied.com\/tecnologiealimentari\/wp-content\/uploads\/2020\/04\/BASF.jpeg\" \/>\n\t<meta property=\"og:image:width\" content=\"1280\" \/>\n\t<meta property=\"og:image:height\" content=\"856\" \/>\n\t<meta property=\"og:image:type\" content=\"image\/jpeg\" \/>\n<meta name=\"author\" content=\"InterP920\" \/>\n<meta name=\"twitter:card\" content=\"summary_large_image\" \/>\n<meta name=\"twitter:label1\" content=\"Scritto da\" \/>\n\t<meta name=\"twitter:data1\" content=\"InterP920\" \/>\n\t<meta name=\"twitter:label2\" content=\"Tempo di lettura stimato\" \/>\n\t<meta name=\"twitter:data2\" content=\"2 minuti\" \/>\n<script type=\"application\/ld+json\" class=\"yoast-schema-graph\">{\"@context\":\"https:\/\/schema.org\",\"@graph\":[{\"@type\":\"WebPage\",\"@id\":\"https:\/\/interprogettied.com\/tecnologiealimentari\/2020\/04\/lorenzo-bottinelli-nuovo-amministratore-delegato-di-basf-italia\/\",\"url\":\"https:\/\/interprogettied.com\/tecnologiealimentari\/2020\/04\/lorenzo-bottinelli-nuovo-amministratore-delegato-di-basf-italia\/\",\"name\":\"Lorenzo Bottinelli nuovo amministratore delegato di BASF Italia - Tecnologie Alimentari\",\"isPartOf\":{\"@id\":\"https:\/\/interprogettied.com\/tecnologiealimentari\/#website\"},\"datePublished\":\"2020-04-14T05:00:17+00:00\",\"dateModified\":\"2020-04-14T05:00:17+00:00\",\"author\":{\"@id\":\"https:\/\/interprogettied.com\/tecnologiealimentari\/#\/schema\/person\/c7448c7ca13e57e26cf76bb292c7c255\"},\"breadcrumb\":{\"@id\":\"https:\/\/interprogettied.com\/tecnologiealimentari\/2020\/04\/lorenzo-bottinelli-nuovo-amministratore-delegato-di-basf-italia\/#breadcrumb\"},\"inLanguage\":\"it-IT\",\"potentialAction\":[{\"@type\":\"ReadAction\",\"target\":[\"https:\/\/interprogettied.com\/tecnologiealimentari\/2020\/04\/lorenzo-bottinelli-nuovo-amministratore-delegato-di-basf-italia\/\"]}]},{\"@type\":\"BreadcrumbList\",\"@id\":\"https:\/\/interprogettied.com\/tecnologiealimentari\/2020\/04\/lorenzo-bottinelli-nuovo-amministratore-delegato-di-basf-italia\/#breadcrumb\",\"itemListElement\":[{\"@type\":\"ListItem\",\"position\":1,\"name\":\"Home\",\"item\":\"https:\/\/interprogettied.com\/tecnologiealimentari\/\"},{\"@type\":\"ListItem\",\"position\":2,\"name\":\"Lorenzo Bottinelli nuovo amministratore delegato di BASF Italia\"}]},{\"@type\":\"WebSite\",\"@id\":\"https:\/\/interprogettied.com\/tecnologiealimentari\/#website\",\"url\":\"https:\/\/interprogettied.com\/tecnologiealimentari\/\",\"name\":\"Tecnologie Alimentari\",\"description\":\"Interprogetti editori\",\"potentialAction\":[{\"@type\":\"SearchAction\",\"target\":{\"@type\":\"EntryPoint\",\"urlTemplate\":\"https:\/\/interprogettied.com\/tecnologiealimentari\/?s={search_term_string}\"},\"query-input\":\"required name=search_term_string\"}],\"inLanguage\":\"it-IT\"},{\"@type\":\"Person\",\"@id\":\"https:\/\/interprogettied.com\/tecnologiealimentari\/#\/schema\/person\/c7448c7ca13e57e26cf76bb292c7c255\",\"name\":\"InterP920\",\"image\":{\"@type\":\"ImageObject\",\"inLanguage\":\"it-IT\",\"@id\":\"https:\/\/interprogettied.com\/tecnologiealimentari\/#\/schema\/person\/image\/\",\"url\":\"https:\/\/secure.gravatar.com\/avatar\/93644f5d9e0eed887188f5bbdaee0341ce103847fc5e89f1d467e514be324899?s=96&d=mm&r=g\",\"contentUrl\":\"https:\/\/secure.gravatar.com\/avatar\/93644f5d9e0eed887188f5bbdaee0341ce103847fc5e89f1d467e514be324899?s=96&d=mm&r=g\",\"caption\":\"InterP920\"},\"url\":\"https:\/\/interprogettied.com\/tecnologiealimentari\/author\/interp920\/\"}]}<\/script>\n<!-- \/ Yoast SEO plugin. -->","yoast_head_json":{"title":"Lorenzo Bottinelli nuovo amministratore delegato di BASF Italia - Tecnologie Alimentari","robots":{"index":"index","follow":"follow","max-snippet":"max-snippet:-1","max-image-preview":"max-image-preview:large","max-video-preview":"max-video-preview:-1"},"canonical":"https:\/\/interprogettied.com\/tecnologiealimentari\/2020\/04\/lorenzo-bottinelli-nuovo-amministratore-delegato-di-basf-italia\/","og_locale":"it_IT","og_type":"article","og_title":"Lorenzo Bottinelli nuovo amministratore delegato di BASF Italia - Tecnologie Alimentari","og_description":"Il consiglio di amministrazione di BASF Italia ha nominato Lorenzo Bottinelli come nuovo amministratore delegato e vicepresidente di BASF Italia. Succede ad Andreas Riehemann, che ha guidato l\u2019organizzazione italiana dal 2016 fino ad oggi. Lorenzo Bottinelli, classe 1976, chimico con un Master in Business Administration, [&hellip;]","og_url":"https:\/\/interprogettied.com\/tecnologiealimentari\/2020\/04\/lorenzo-bottinelli-nuovo-amministratore-delegato-di-basf-italia\/","og_site_name":"Tecnologie Alimentari","article_published_time":"2020-04-14T05:00:17+00:00","og_image":[{"width":1280,"height":856,"url":"https:\/\/interprogettied.com\/tecnologiealimentari\/wp-content\/uploads\/2020\/04\/BASF.jpeg","type":"image\/jpeg"}],"author":"InterP920","twitter_card":"summary_large_image","twitter_misc":{"Scritto da":"InterP920","Tempo di lettura stimato":"2 minuti"},"schema":{"@context":"https:\/\/schema.org","@graph":[{"@type":"WebPage","@id":"https:\/\/interprogettied.com\/tecnologiealimentari\/2020\/04\/lorenzo-bottinelli-nuovo-amministratore-delegato-di-basf-italia\/","url":"https:\/\/interprogettied.com\/tecnologiealimentari\/2020\/04\/lorenzo-bottinelli-nuovo-amministratore-delegato-di-basf-italia\/","name":"Lorenzo Bottinelli nuovo amministratore delegato di BASF Italia - Tecnologie Alimentari","isPartOf":{"@id":"https:\/\/interprogettied.com\/tecnologiealimentari\/#website"},"datePublished":"2020-04-14T05:00:17+00:00","dateModified":"2020-04-14T05:00:17+00:00","author":{"@id":"https:\/\/interprogettied.com\/tecnologiealimentari\/#\/schema\/person\/c7448c7ca13e57e26cf76bb292c7c255"},"breadcrumb":{"@id":"https:\/\/interprogettied.com\/tecnologiealimentari\/2020\/04\/lorenzo-bottinelli-nuovo-amministratore-delegato-di-basf-italia\/#breadcrumb"},"inLanguage":"it-IT","potentialAction":[{"@type":"ReadAction","target":["https:\/\/interprogettied.com\/tecnologiealimentari\/2020\/04\/lorenzo-bottinelli-nuovo-amministratore-delegato-di-basf-italia\/"]}]},{"@type":"BreadcrumbList","@id":"https:\/\/interprogettied.com\/tecnologiealimentari\/2020\/04\/lorenzo-bottinelli-nuovo-amministratore-delegato-di-basf-italia\/#breadcrumb","itemListElement":[{"@type":"ListItem","position":1,"name":"Home","item":"https:\/\/interprogettied.com\/tecnologiealimentari\/"},{"@type":"ListItem","position":2,"name":"Lorenzo Bottinelli nuovo amministratore delegato di BASF Italia"}]},{"@type":"WebSite","@id":"https:\/\/interprogettied.com\/tecnologiealimentari\/#website","url":"https:\/\/interprogettied.com\/tecnologiealimentari\/","name":"Tecnologie Alimentari","description":"Interprogetti editori","potentialAction":[{"@type":"SearchAction","target":{"@type":"EntryPoint","urlTemplate":"https:\/\/interprogettied.com\/tecnologiealimentari\/?s={search_term_string}"},"query-input":"required name=search_term_string"}],"inLanguage":"it-IT"},{"@type":"Person","@id":"https:\/\/interprogettied.com\/tecnologiealimentari\/#\/schema\/person\/c7448c7ca13e57e26cf76bb292c7c255","name":"InterP920","image":{"@type":"ImageObject","inLanguage":"it-IT","@id":"https:\/\/interprogettied.com\/tecnologiealimentari\/#\/schema\/person\/image\/","url":"https:\/\/secure.gravatar.com\/avatar\/93644f5d9e0eed887188f5bbdaee0341ce103847fc5e89f1d467e514be324899?s=96&d=mm&r=g","contentUrl":"https:\/\/secure.gravatar.com\/avatar\/93644f5d9e0eed887188f5bbdaee0341ce103847fc5e89f1d467e514be324899?s=96&d=mm&r=g","caption":"InterP920"},"url":"https:\/\/interprogettied.com\/tecnologiealimentari\/author\/interp920\/"}]}},"_links":{"self":[{"href":"https:\/\/interprogettied.com\/tecnologiealimentari\/wp-json\/wp\/v2\/posts\/3669","targetHints":{"allow":["GET"]}}],"collection":[{"href":"https:\/\/interprogettied.com\/tecnologiealimentari\/wp-json\/wp\/v2\/posts"}],"about":[{"href":"https:\/\/interprogettied.com\/tecnologiealimentari\/wp-json\/wp\/v2\/types\/post"}],"author":[{"embeddable":true,"href":"https:\/\/interprogettied.com\/tecnologiealimentari\/wp-json\/wp\/v2\/users\/4"}],"replies":[{"embeddable":true,"href":"https:\/\/interprogettied.com\/tecnologiealimentari\/wp-json\/wp\/v2\/comments?post=3669"}],"version-history":[{"count":0,"href":"https:\/\/interprogettied.com\/tecnologiealimentari\/wp-json\/wp\/v2\/posts\/3669\/revisions"}],"wp:featuredmedia":[{"embeddable":true,"href":"https:\/\/interprogettied.com\/tecnologiealimentari\/wp-json\/wp\/v2\/media\/3703"}],"wp:attachment":[{"href":"https:\/\/interprogettied.com\/tecnologiealimentari\/wp-json\/wp\/v2\/media?parent=3669"}],"wp:term":[{"taxonomy":"category","embeddable":true,"href":"https:\/\/interprogettied.com\/tecnologiealimentari\/wp-json\/wp\/v2\/categories?post=3669"},{"taxonomy":"post_tag","embeddable":true,"href":"https:\/\/interprogettied.com\/tecnologiealimentari\/wp-json\/wp\/v2\/tags?post=3669"}],"curies":[{"name":"wp","href":"https:\/\/api.w.org\/{rel}","templated":true}]}}