{"id":13643,"date":"2026-04-10T09:00:00","date_gmt":"2026-04-10T07:00:00","guid":{"rendered":"https:\/\/interprogettied.com\/tecnologiealimentari\/?p=13643"},"modified":"2026-04-09T17:08:22","modified_gmt":"2026-04-09T15:08:22","slug":"la-linea-verde-rileva-bcs-e-la-ferme-danchin","status":"publish","type":"post","link":"https:\/\/interprogettied.com\/tecnologiealimentari\/2026\/04\/la-linea-verde-rileva-bcs-e-la-ferme-danchin\/","title":{"rendered":"La Linea Verde rileva BCS e La Ferme d\u2019Anchin"},"content":{"rendered":"<p><img loading=\"lazy\" decoding=\"async\" class=\"wp-image-13644 aligncenter\" src=\"https:\/\/interprogettied.com\/tecnologiealimentari\/wp-content\/uploads\/2026\/04\/La-Linea-Verde_Headquarter-Manerbio-BS-300x200.jpg\" alt=\"La Linea Verde Headquarter\" width=\"798\" height=\"532\" srcset=\"https:\/\/interprogettied.com\/tecnologiealimentari\/wp-content\/uploads\/2026\/04\/La-Linea-Verde_Headquarter-Manerbio-BS-300x200.jpg 300w, https:\/\/interprogettied.com\/tecnologiealimentari\/wp-content\/uploads\/2026\/04\/La-Linea-Verde_Headquarter-Manerbio-BS-1024x683.jpg 1024w, https:\/\/interprogettied.com\/tecnologiealimentari\/wp-content\/uploads\/2026\/04\/La-Linea-Verde_Headquarter-Manerbio-BS-768x512.jpg 768w, https:\/\/interprogettied.com\/tecnologiealimentari\/wp-content\/uploads\/2026\/04\/La-Linea-Verde_Headquarter-Manerbio-BS-1536x1024.jpg 1536w, https:\/\/interprogettied.com\/tecnologiealimentari\/wp-content\/uploads\/2026\/04\/La-Linea-Verde_Headquarter-Manerbio-BS-1200x800.jpg 1200w, https:\/\/interprogettied.com\/tecnologiealimentari\/wp-content\/uploads\/2026\/04\/La-Linea-Verde_Headquarter-Manerbio-BS-128x86.jpg 128w, https:\/\/interprogettied.com\/tecnologiealimentari\/wp-content\/uploads\/2026\/04\/La-Linea-Verde_Headquarter-Manerbio-BS.jpg 1800w\" sizes=\"auto, (max-width: 798px) 100vw, 798px\" \/><\/p>\n<p>&nbsp;<\/p>\n<p class=\"p1\">Il <a href=\"https:\/\/lalineaverde.it\/\" target=\"_blank\" rel=\"noopener\"><strong>Gruppo La Linea Verde<\/strong><\/a> annuncia l\u2019acquisizione di BCS, realt\u00e0 belga attiva nella produzione di zuppe fresche e, attraverso la controllata francese La Ligne Verte, di La Ferme d\u2019Anchin, azienda francese specializzata nello stesso segmento, rafforzando cos\u00ec il proprio posizionamento europeo nel fresco convenience.<\/p>\n<p class=\"p1\">L\u2019operazione si inserisce in una strategia di crescita che punta a consolidare e sviluppare ulteriormente la categoria dei piatti pronti freschi a base vegetale, con un focus sempre pi\u00f9 marcato sul segmento delle zuppe fresche, oggi tra i pi\u00f9 dinamici e promettenti in Europa. In questo contesto, la scelta di puntare su Belgio e Francia risponde alla volont\u00e0 di rafforzare la presenza del Gruppo in mercati strategici del Nord Europa.<\/p>\n<p class=\"p1\">Le due aziende acquisite generano complessivamente un fatturato di circa 22 milioni di euro (dati 2025) e sono i player di riferimento nei rispettivi mercati, con una presenza consolidata presso le principali insegne della grande distribuzione locale. In Belgio, Butterfly \u2013 brand di riferimento di BCS &#8211; si distingue come marca leader in un mercato caratterizzato da una forte incidenza della private label e ha raggiunto una quota rilevante nella categoria chilled soups. In Francia, La Ferme d\u2019Anchin \u00e8 riconosciuta come il principale operatore nel mercato delle zuppe fresche, con una quota del 48%.<\/p>\n<p class=\"p1\">L\u2019integrazione consentir\u00e0 di rafforzare ulteriormente il dialogo con i retailer europei, con cui sono gi\u00e0 in corso confronti per l\u2019ampliamento dell\u2019offerta e lo sviluppo di nuove categorie. \u201cQuesta operazione rappresenta un passo importante nel nostro percorso di sviluppo internazionale,\u201d commenta Domenico Battagliola, CEO del Gruppo La Linea Verde. \u201cLe zuppe fresche sono una categoria strategica per il futuro del fresco convenience: rispondono a una domanda crescente di soluzioni pratiche, sane e ad alto contenuto di servizio. Con queste acquisizioni rafforziamo la nostra presenza in mercati chiave e acceleriamo lo sviluppo della categoria a livello europeo\u201d.<\/p>\n<p class=\"p1\">Oggi circa il 50% del fatturato del Gruppo \u00e8 generato sui mercati esteri, a conferma di una vocazione internazionale gi\u00e0 consolidata e destinata a crescere ulteriormente attraverso operazioni mirate come questa. Il modello di sviluppo adottato, basato sull\u2019integrazione tra filiera agricola, competenze industriali e lettura dei consumi, potr\u00e0 essere esteso ad altri Paesi, valutando di volta in volta le opportunit\u00e0 di mercato.<\/p>\n<p class=\"p1\">Oltre al valore industriale e di marca, l\u2019integrazione di BCS e La Ferme d\u2019Anchin consente al Gruppo di rafforzare la propria infrastruttura logistica nel Nord Europa. Gli stabilimenti e i magazzini delle due aziende diventeranno infatti hub strategici per la distribuzione, permettendo una maggiore prossimit\u00e0 ai mercati e una gestione pi\u00f9 efficiente del fresco, elemento chiave per garantire qualit\u00e0, tempestivit\u00e0 e continuit\u00e0 di servizio.<\/p>\n<p class=\"p1\">Questo consentir\u00e0 anche una pi\u00f9 rapida circolazione delle informazioni lungo la filiera, migliorando la capacit\u00e0 di risposta operativa. \u201cL\u2019ingresso di queste realt\u00e0 nel Gruppo ci permette non solo di crescere nella categoria delle zuppe, ma anche di costruire una piattaforma industriale e logistica pi\u00f9 vicina ai mercati del Nord Europa,\u201d prosegue Battagliola. \u201cQuesto ci dar\u00e0 la possibilit\u00e0 di portare in questi Paesi anche altre categorie che abbiamo sviluppato con successo in Italia e Spagna, ampliando progressivamente l\u2019offerta e valorizzando, dove rilevante, anche il posizionamento del Made in Italy\u201d.<\/p>\n<p class=\"p1\">Le due aziende manterranno la loro forte identit\u00e0 locale, valorizzando le competenze e il know-how dei team esistenti, in un percorso che coniuga autonomia operativa e integrazione progressiva nelle best practice del Gruppo. Anche sul fronte della filiera, il modello prevede la valorizzazione dei fornitori locali, in particolare per le materie prime fresche, elemento fondamentale per garantire qualit\u00e0 e coerenza dell\u2019offerta nei diversi mercati. L\u2019operazione conferma la volont\u00e0 del Gruppo La Linea Verde di evolvere da player nazionale a operatore europeo integrato nel fresco, capace di combinare filiera agricola, competenze industriali e sviluppo delle categorie in collaborazione con la distribuzione moderna.<\/p>\n","protected":false},"excerpt":{"rendered":"<p>&nbsp; Il Gruppo La Linea Verde annuncia l\u2019acquisizione di BCS, realt\u00e0 belga attiva nella produzione di zuppe fresche e, attraverso la controllata francese La Ligne Verte, di La Ferme d\u2019Anchin, azienda francese specializzata nello stesso segmento, rafforzando cos\u00ec il proprio posizionamento europeo nel fresco convenience. [&hellip;]<\/p>\n","protected":false},"author":5,"featured_media":13644,"comment_status":"closed","ping_status":"closed","sticky":false,"template":"","format":"standard","meta":{"footnotes":""},"categories":[313,469],"tags":[],"class_list":["post-13643","post","type-post","status-publish","format-standard","has-post-thumbnail","hentry","category-articoli-attualita","category-attualita-per-tecnologie-alimentari"],"yoast_head":"<!-- This site is optimized with the Yoast SEO plugin v21.9.1 - https:\/\/yoast.com\/wordpress\/plugins\/seo\/ -->\n<title>La Linea Verde rileva BCS e La Ferme d\u2019Anchin - Tecnologie Alimentari<\/title>\n<meta name=\"description\" content=\"Il Gruppo La Linea Verde annuncia l&#039;acquisizione di due realt\u00e0 attive nel segmento delle zuppe fresche in Belgio (BCS) e Francia (La Ferme d\u2019Anchin)\" \/>\n<meta name=\"robots\" content=\"index, follow, max-snippet:-1, max-image-preview:large, max-video-preview:-1\" \/>\n<link rel=\"canonical\" href=\"https:\/\/interprogettied.com\/tecnologiealimentari\/2026\/04\/la-linea-verde-rileva-bcs-e-la-ferme-danchin\/\" \/>\n<meta property=\"og:locale\" content=\"it_IT\" \/>\n<meta property=\"og:type\" content=\"article\" \/>\n<meta property=\"og:title\" content=\"La Linea Verde rileva BCS e La Ferme d\u2019Anchin - Tecnologie Alimentari\" \/>\n<meta property=\"og:description\" content=\"Il Gruppo La Linea Verde annuncia l&#039;acquisizione di due realt\u00e0 attive nel segmento delle zuppe fresche in Belgio (BCS) e Francia (La Ferme d\u2019Anchin)\" \/>\n<meta property=\"og:url\" content=\"https:\/\/interprogettied.com\/tecnologiealimentari\/2026\/04\/la-linea-verde-rileva-bcs-e-la-ferme-danchin\/\" \/>\n<meta property=\"og:site_name\" content=\"Tecnologie Alimentari\" \/>\n<meta property=\"article:published_time\" content=\"2026-04-10T07:00:00+00:00\" \/>\n<meta property=\"article:modified_time\" content=\"2026-04-09T15:08:22+00:00\" \/>\n<meta property=\"og:image\" content=\"https:\/\/interprogettied.com\/tecnologiealimentari\/wp-content\/uploads\/2026\/04\/La-Linea-Verde_Headquarter-Manerbio-BS.jpg\" \/>\n\t<meta property=\"og:image:width\" content=\"1800\" \/>\n\t<meta property=\"og:image:height\" content=\"1200\" \/>\n\t<meta property=\"og:image:type\" content=\"image\/jpeg\" \/>\n<meta name=\"author\" content=\"e.devecchis\" \/>\n<meta name=\"twitter:card\" content=\"summary_large_image\" \/>\n<meta name=\"twitter:label1\" content=\"Scritto da\" \/>\n\t<meta name=\"twitter:data1\" content=\"e.devecchis\" \/>\n\t<meta name=\"twitter:label2\" content=\"Tempo di lettura stimato\" \/>\n\t<meta name=\"twitter:data2\" content=\"4 minuti\" \/>\n<script type=\"application\/ld+json\" class=\"yoast-schema-graph\">{\"@context\":\"https:\/\/schema.org\",\"@graph\":[{\"@type\":\"WebPage\",\"@id\":\"https:\/\/interprogettied.com\/tecnologiealimentari\/2026\/04\/la-linea-verde-rileva-bcs-e-la-ferme-danchin\/\",\"url\":\"https:\/\/interprogettied.com\/tecnologiealimentari\/2026\/04\/la-linea-verde-rileva-bcs-e-la-ferme-danchin\/\",\"name\":\"La Linea Verde rileva BCS e La Ferme d\u2019Anchin - Tecnologie Alimentari\",\"isPartOf\":{\"@id\":\"https:\/\/interprogettied.com\/tecnologiealimentari\/#website\"},\"datePublished\":\"2026-04-10T07:00:00+00:00\",\"dateModified\":\"2026-04-09T15:08:22+00:00\",\"author\":{\"@id\":\"https:\/\/interprogettied.com\/tecnologiealimentari\/#\/schema\/person\/ecca5af3dd88b92605aba8934b5583a5\"},\"description\":\"Il Gruppo La Linea Verde annuncia l'acquisizione di due realt\u00e0 attive nel segmento delle zuppe fresche in Belgio (BCS) e Francia (La Ferme d\u2019Anchin)\",\"breadcrumb\":{\"@id\":\"https:\/\/interprogettied.com\/tecnologiealimentari\/2026\/04\/la-linea-verde-rileva-bcs-e-la-ferme-danchin\/#breadcrumb\"},\"inLanguage\":\"it-IT\",\"potentialAction\":[{\"@type\":\"ReadAction\",\"target\":[\"https:\/\/interprogettied.com\/tecnologiealimentari\/2026\/04\/la-linea-verde-rileva-bcs-e-la-ferme-danchin\/\"]}]},{\"@type\":\"BreadcrumbList\",\"@id\":\"https:\/\/interprogettied.com\/tecnologiealimentari\/2026\/04\/la-linea-verde-rileva-bcs-e-la-ferme-danchin\/#breadcrumb\",\"itemListElement\":[{\"@type\":\"ListItem\",\"position\":1,\"name\":\"Home\",\"item\":\"https:\/\/interprogettied.com\/tecnologiealimentari\/\"},{\"@type\":\"ListItem\",\"position\":2,\"name\":\"La Linea Verde rileva BCS e La Ferme d\u2019Anchin\"}]},{\"@type\":\"WebSite\",\"@id\":\"https:\/\/interprogettied.com\/tecnologiealimentari\/#website\",\"url\":\"https:\/\/interprogettied.com\/tecnologiealimentari\/\",\"name\":\"Tecnologie Alimentari\",\"description\":\"Interprogetti editori\",\"potentialAction\":[{\"@type\":\"SearchAction\",\"target\":{\"@type\":\"EntryPoint\",\"urlTemplate\":\"https:\/\/interprogettied.com\/tecnologiealimentari\/?s={search_term_string}\"},\"query-input\":\"required name=search_term_string\"}],\"inLanguage\":\"it-IT\"},{\"@type\":\"Person\",\"@id\":\"https:\/\/interprogettied.com\/tecnologiealimentari\/#\/schema\/person\/ecca5af3dd88b92605aba8934b5583a5\",\"name\":\"e.devecchis\",\"image\":{\"@type\":\"ImageObject\",\"inLanguage\":\"it-IT\",\"@id\":\"https:\/\/interprogettied.com\/tecnologiealimentari\/#\/schema\/person\/image\/\",\"url\":\"https:\/\/secure.gravatar.com\/avatar\/cc82eadc61594c953f23a7510327dcf9d95cad22f00fd2484425a9cf7b0a08d4?s=96&d=mm&r=g\",\"contentUrl\":\"https:\/\/secure.gravatar.com\/avatar\/cc82eadc61594c953f23a7510327dcf9d95cad22f00fd2484425a9cf7b0a08d4?s=96&d=mm&r=g\",\"caption\":\"e.devecchis\"},\"url\":\"https:\/\/interprogettied.com\/tecnologiealimentari\/author\/e-devecchis\/\"}]}<\/script>\n<!-- \/ Yoast SEO plugin. -->","yoast_head_json":{"title":"La Linea Verde rileva BCS e La Ferme d\u2019Anchin - Tecnologie Alimentari","description":"Il Gruppo La Linea Verde annuncia l'acquisizione di due realt\u00e0 attive nel segmento delle zuppe fresche in Belgio (BCS) e Francia (La Ferme d\u2019Anchin)","robots":{"index":"index","follow":"follow","max-snippet":"max-snippet:-1","max-image-preview":"max-image-preview:large","max-video-preview":"max-video-preview:-1"},"canonical":"https:\/\/interprogettied.com\/tecnologiealimentari\/2026\/04\/la-linea-verde-rileva-bcs-e-la-ferme-danchin\/","og_locale":"it_IT","og_type":"article","og_title":"La Linea Verde rileva BCS e La Ferme d\u2019Anchin - Tecnologie Alimentari","og_description":"Il Gruppo La Linea Verde annuncia l'acquisizione di due realt\u00e0 attive nel segmento delle zuppe fresche in Belgio (BCS) e Francia (La Ferme d\u2019Anchin)","og_url":"https:\/\/interprogettied.com\/tecnologiealimentari\/2026\/04\/la-linea-verde-rileva-bcs-e-la-ferme-danchin\/","og_site_name":"Tecnologie Alimentari","article_published_time":"2026-04-10T07:00:00+00:00","article_modified_time":"2026-04-09T15:08:22+00:00","og_image":[{"width":1800,"height":1200,"url":"https:\/\/interprogettied.com\/tecnologiealimentari\/wp-content\/uploads\/2026\/04\/La-Linea-Verde_Headquarter-Manerbio-BS.jpg","type":"image\/jpeg"}],"author":"e.devecchis","twitter_card":"summary_large_image","twitter_misc":{"Scritto da":"e.devecchis","Tempo di lettura stimato":"4 minuti"},"schema":{"@context":"https:\/\/schema.org","@graph":[{"@type":"WebPage","@id":"https:\/\/interprogettied.com\/tecnologiealimentari\/2026\/04\/la-linea-verde-rileva-bcs-e-la-ferme-danchin\/","url":"https:\/\/interprogettied.com\/tecnologiealimentari\/2026\/04\/la-linea-verde-rileva-bcs-e-la-ferme-danchin\/","name":"La Linea Verde rileva BCS e La Ferme d\u2019Anchin - Tecnologie Alimentari","isPartOf":{"@id":"https:\/\/interprogettied.com\/tecnologiealimentari\/#website"},"datePublished":"2026-04-10T07:00:00+00:00","dateModified":"2026-04-09T15:08:22+00:00","author":{"@id":"https:\/\/interprogettied.com\/tecnologiealimentari\/#\/schema\/person\/ecca5af3dd88b92605aba8934b5583a5"},"description":"Il Gruppo La Linea Verde annuncia l'acquisizione di due realt\u00e0 attive nel segmento delle zuppe fresche in Belgio (BCS) e Francia (La Ferme d\u2019Anchin)","breadcrumb":{"@id":"https:\/\/interprogettied.com\/tecnologiealimentari\/2026\/04\/la-linea-verde-rileva-bcs-e-la-ferme-danchin\/#breadcrumb"},"inLanguage":"it-IT","potentialAction":[{"@type":"ReadAction","target":["https:\/\/interprogettied.com\/tecnologiealimentari\/2026\/04\/la-linea-verde-rileva-bcs-e-la-ferme-danchin\/"]}]},{"@type":"BreadcrumbList","@id":"https:\/\/interprogettied.com\/tecnologiealimentari\/2026\/04\/la-linea-verde-rileva-bcs-e-la-ferme-danchin\/#breadcrumb","itemListElement":[{"@type":"ListItem","position":1,"name":"Home","item":"https:\/\/interprogettied.com\/tecnologiealimentari\/"},{"@type":"ListItem","position":2,"name":"La Linea Verde rileva BCS e La Ferme d\u2019Anchin"}]},{"@type":"WebSite","@id":"https:\/\/interprogettied.com\/tecnologiealimentari\/#website","url":"https:\/\/interprogettied.com\/tecnologiealimentari\/","name":"Tecnologie Alimentari","description":"Interprogetti editori","potentialAction":[{"@type":"SearchAction","target":{"@type":"EntryPoint","urlTemplate":"https:\/\/interprogettied.com\/tecnologiealimentari\/?s={search_term_string}"},"query-input":"required name=search_term_string"}],"inLanguage":"it-IT"},{"@type":"Person","@id":"https:\/\/interprogettied.com\/tecnologiealimentari\/#\/schema\/person\/ecca5af3dd88b92605aba8934b5583a5","name":"e.devecchis","image":{"@type":"ImageObject","inLanguage":"it-IT","@id":"https:\/\/interprogettied.com\/tecnologiealimentari\/#\/schema\/person\/image\/","url":"https:\/\/secure.gravatar.com\/avatar\/cc82eadc61594c953f23a7510327dcf9d95cad22f00fd2484425a9cf7b0a08d4?s=96&d=mm&r=g","contentUrl":"https:\/\/secure.gravatar.com\/avatar\/cc82eadc61594c953f23a7510327dcf9d95cad22f00fd2484425a9cf7b0a08d4?s=96&d=mm&r=g","caption":"e.devecchis"},"url":"https:\/\/interprogettied.com\/tecnologiealimentari\/author\/e-devecchis\/"}]}},"_links":{"self":[{"href":"https:\/\/interprogettied.com\/tecnologiealimentari\/wp-json\/wp\/v2\/posts\/13643","targetHints":{"allow":["GET"]}}],"collection":[{"href":"https:\/\/interprogettied.com\/tecnologiealimentari\/wp-json\/wp\/v2\/posts"}],"about":[{"href":"https:\/\/interprogettied.com\/tecnologiealimentari\/wp-json\/wp\/v2\/types\/post"}],"author":[{"embeddable":true,"href":"https:\/\/interprogettied.com\/tecnologiealimentari\/wp-json\/wp\/v2\/users\/5"}],"replies":[{"embeddable":true,"href":"https:\/\/interprogettied.com\/tecnologiealimentari\/wp-json\/wp\/v2\/comments?post=13643"}],"version-history":[{"count":3,"href":"https:\/\/interprogettied.com\/tecnologiealimentari\/wp-json\/wp\/v2\/posts\/13643\/revisions"}],"predecessor-version":[{"id":13648,"href":"https:\/\/interprogettied.com\/tecnologiealimentari\/wp-json\/wp\/v2\/posts\/13643\/revisions\/13648"}],"wp:featuredmedia":[{"embeddable":true,"href":"https:\/\/interprogettied.com\/tecnologiealimentari\/wp-json\/wp\/v2\/media\/13644"}],"wp:attachment":[{"href":"https:\/\/interprogettied.com\/tecnologiealimentari\/wp-json\/wp\/v2\/media?parent=13643"}],"wp:term":[{"taxonomy":"category","embeddable":true,"href":"https:\/\/interprogettied.com\/tecnologiealimentari\/wp-json\/wp\/v2\/categories?post=13643"},{"taxonomy":"post_tag","embeddable":true,"href":"https:\/\/interprogettied.com\/tecnologiealimentari\/wp-json\/wp\/v2\/tags?post=13643"}],"curies":[{"name":"wp","href":"https:\/\/api.w.org\/{rel}","templated":true}]}}