{"id":13539,"date":"2026-03-17T09:00:08","date_gmt":"2026-03-17T08:00:08","guid":{"rendered":"https:\/\/interprogettied.com\/tecnologiealimentari\/?p=13539"},"modified":"2026-03-17T09:56:03","modified_gmt":"2026-03-17T08:56:03","slug":"il-packaging-in-mostra-alladi-design-museum","status":"publish","type":"post","link":"https:\/\/interprogettied.com\/tecnologiealimentari\/2026\/03\/il-packaging-in-mostra-alladi-design-museum\/","title":{"rendered":"Il packaging in mostra all&#8217;ADI Design Museum"},"content":{"rendered":"<p><img loading=\"lazy\" decoding=\"async\" class=\"wp-image-13540 aligncenter\" src=\"https:\/\/interprogettied.com\/tecnologiealimentari\/wp-content\/uploads\/2026\/03\/bulgarian-pepper-box-shelf-supermarket-300x200.jpg\" alt=\"packaging alimentare ADI\" width=\"803\" height=\"535\" srcset=\"https:\/\/interprogettied.com\/tecnologiealimentari\/wp-content\/uploads\/2026\/03\/bulgarian-pepper-box-shelf-supermarket-300x200.jpg 300w, https:\/\/interprogettied.com\/tecnologiealimentari\/wp-content\/uploads\/2026\/03\/bulgarian-pepper-box-shelf-supermarket-1024x683.jpg 1024w, https:\/\/interprogettied.com\/tecnologiealimentari\/wp-content\/uploads\/2026\/03\/bulgarian-pepper-box-shelf-supermarket-768x512.jpg 768w, https:\/\/interprogettied.com\/tecnologiealimentari\/wp-content\/uploads\/2026\/03\/bulgarian-pepper-box-shelf-supermarket-1536x1024.jpg 1536w, https:\/\/interprogettied.com\/tecnologiealimentari\/wp-content\/uploads\/2026\/03\/bulgarian-pepper-box-shelf-supermarket-1200x800.jpg 1200w, https:\/\/interprogettied.com\/tecnologiealimentari\/wp-content\/uploads\/2026\/03\/bulgarian-pepper-box-shelf-supermarket-128x86.jpg 128w\" sizes=\"auto, (max-width: 803px) 100vw, 803px\" \/><\/p>\n<p>&nbsp;<\/p>\n<p>Dal 4 al 26 marzo il prestigioso <a href=\"https:\/\/www.adidesignmuseum.org\/\" target=\"_blank\" rel=\"noopener\"><strong>ADI Design Museum<\/strong><\/a> di Milano ospita la mostra \u201cDesign: La filiera del packaging\u201d, allestita al piano -1 in uno spazio suggestivo che raccoglie alcuni tra i pi\u00f9 significativi progetti di packaging premiati con l\u2019Index del Compasso d\u2019Oro e con il Best Packaging.<\/p>\n<p>La mostra mette in luce il ruolo centrale del\u00a0design\u00a0all\u2019interno della filiera del packaging: un sistema complesso e articolato che coinvolge produttori di macchinari, aziende produttrici di imballaggi, sviluppatori di materiali e servizi per il riciclo. Un ecosistema che lavora in sinergia per promuovere innovazione, sostenibilit\u00e0 e qualit\u00e0, con l\u2019obiettivo di migliorare l\u2019esperienza e i benefici per l\u2019utente finale.<\/p>\n<p>Il progetto espositivo \u00e8 curato da Carlo Branzaglia e Wladimiro Bendandi, in collaborazione con UCIMA, capofila di una rete che riunisce Istituto lItaliano Imballaggio, Federazione Carta Grafica, Giflex, Ipack-Ima, Conai e altre impoortanti realt\u00e0 della filiera.<\/p>\n<p>Nella stessa sede dell\u2019ADI Design Museum, il 25 marzo, si terr\u00e0 inoltre la cerimonia di premiazione dei Best Packaging 2026, uno dei pi\u00f9 autorevoli riconoscimenti italiani dedicati all\u2019innovazione nel packaging, che valorizza soluzioni capaci di coniugare progettazione, sostenibilit\u00e0, funzionalit\u00e0 e qualit\u00e0 estetica.<\/p>\n<p>La mostra rappresenta quindi un\u2019occasione per raccontare al pubblico e agli operatori del settore come il design possa diventare un elemento strategico capace di mettere in relazione tecnologia, produzione e sostenibilit\u00e0 lungo tutta la filiera del packaging.<\/p>\n","protected":false},"excerpt":{"rendered":"<p>&nbsp; Dal 4 al 26 marzo il prestigioso ADI Design Museum di Milano ospita la mostra \u201cDesign: La filiera del packaging\u201d, allestita al piano -1 in uno spazio suggestivo che raccoglie alcuni tra i pi\u00f9 significativi progetti di packaging premiati con l\u2019Index del Compasso d\u2019Oro [&hellip;]<\/p>\n","protected":false},"author":5,"featured_media":13540,"comment_status":"closed","ping_status":"closed","sticky":false,"template":"","format":"standard","meta":{"footnotes":""},"categories":[313,469],"tags":[],"class_list":["post-13539","post","type-post","status-publish","format-standard","has-post-thumbnail","hentry","category-articoli-attualita","category-attualita-per-tecnologie-alimentari"],"yoast_head":"<!-- This site is optimized with the Yoast SEO plugin v21.9.1 - https:\/\/yoast.com\/wordpress\/plugins\/seo\/ -->\n<title>Il packaging in mostra all&#039;ADI Design Museum - Tecnologie Alimentari<\/title>\n<meta name=\"description\" content=\"Al ADI Design Museum di Milano una mostra dedicata al ruolo del design nel sistema del packaging\" \/>\n<meta name=\"robots\" content=\"index, follow, max-snippet:-1, max-image-preview:large, max-video-preview:-1\" \/>\n<link rel=\"canonical\" href=\"https:\/\/interprogettied.com\/tecnologiealimentari\/2026\/03\/il-packaging-in-mostra-alladi-design-museum\/\" \/>\n<meta property=\"og:locale\" content=\"it_IT\" \/>\n<meta property=\"og:type\" content=\"article\" \/>\n<meta property=\"og:title\" content=\"Il packaging in mostra all&#039;ADI Design Museum - Tecnologie Alimentari\" \/>\n<meta property=\"og:description\" content=\"Al ADI Design Museum di Milano una mostra dedicata al ruolo del design nel sistema del packaging\" \/>\n<meta property=\"og:url\" content=\"https:\/\/interprogettied.com\/tecnologiealimentari\/2026\/03\/il-packaging-in-mostra-alladi-design-museum\/\" \/>\n<meta property=\"og:site_name\" content=\"Tecnologie Alimentari\" \/>\n<meta property=\"article:published_time\" content=\"2026-03-17T08:00:08+00:00\" \/>\n<meta property=\"article:modified_time\" content=\"2026-03-17T08:56:03+00:00\" \/>\n<meta property=\"og:image\" content=\"https:\/\/interprogettied.com\/tecnologiealimentari\/wp-content\/uploads\/2026\/03\/bulgarian-pepper-box-shelf-supermarket-scaled.jpg\" \/>\n\t<meta property=\"og:image:width\" content=\"2560\" \/>\n\t<meta property=\"og:image:height\" content=\"1707\" \/>\n\t<meta property=\"og:image:type\" content=\"image\/jpeg\" \/>\n<meta name=\"author\" content=\"e.devecchis\" \/>\n<meta name=\"twitter:card\" content=\"summary_large_image\" \/>\n<meta name=\"twitter:label1\" content=\"Scritto da\" \/>\n\t<meta name=\"twitter:data1\" content=\"e.devecchis\" \/>\n\t<meta name=\"twitter:label2\" content=\"Tempo di lettura stimato\" \/>\n\t<meta name=\"twitter:data2\" content=\"2 minuti\" \/>\n<script type=\"application\/ld+json\" class=\"yoast-schema-graph\">{\"@context\":\"https:\/\/schema.org\",\"@graph\":[{\"@type\":\"WebPage\",\"@id\":\"https:\/\/interprogettied.com\/tecnologiealimentari\/2026\/03\/il-packaging-in-mostra-alladi-design-museum\/\",\"url\":\"https:\/\/interprogettied.com\/tecnologiealimentari\/2026\/03\/il-packaging-in-mostra-alladi-design-museum\/\",\"name\":\"Il packaging in mostra all'ADI Design Museum - Tecnologie Alimentari\",\"isPartOf\":{\"@id\":\"https:\/\/interprogettied.com\/tecnologiealimentari\/#website\"},\"datePublished\":\"2026-03-17T08:00:08+00:00\",\"dateModified\":\"2026-03-17T08:56:03+00:00\",\"author\":{\"@id\":\"https:\/\/interprogettied.com\/tecnologiealimentari\/#\/schema\/person\/ecca5af3dd88b92605aba8934b5583a5\"},\"description\":\"Al ADI Design Museum di Milano una mostra dedicata al ruolo del design nel sistema del packaging\",\"breadcrumb\":{\"@id\":\"https:\/\/interprogettied.com\/tecnologiealimentari\/2026\/03\/il-packaging-in-mostra-alladi-design-museum\/#breadcrumb\"},\"inLanguage\":\"it-IT\",\"potentialAction\":[{\"@type\":\"ReadAction\",\"target\":[\"https:\/\/interprogettied.com\/tecnologiealimentari\/2026\/03\/il-packaging-in-mostra-alladi-design-museum\/\"]}]},{\"@type\":\"BreadcrumbList\",\"@id\":\"https:\/\/interprogettied.com\/tecnologiealimentari\/2026\/03\/il-packaging-in-mostra-alladi-design-museum\/#breadcrumb\",\"itemListElement\":[{\"@type\":\"ListItem\",\"position\":1,\"name\":\"Home\",\"item\":\"https:\/\/interprogettied.com\/tecnologiealimentari\/\"},{\"@type\":\"ListItem\",\"position\":2,\"name\":\"Il packaging in mostra all&#8217;ADI Design Museum\"}]},{\"@type\":\"WebSite\",\"@id\":\"https:\/\/interprogettied.com\/tecnologiealimentari\/#website\",\"url\":\"https:\/\/interprogettied.com\/tecnologiealimentari\/\",\"name\":\"Tecnologie Alimentari\",\"description\":\"Interprogetti editori\",\"potentialAction\":[{\"@type\":\"SearchAction\",\"target\":{\"@type\":\"EntryPoint\",\"urlTemplate\":\"https:\/\/interprogettied.com\/tecnologiealimentari\/?s={search_term_string}\"},\"query-input\":\"required name=search_term_string\"}],\"inLanguage\":\"it-IT\"},{\"@type\":\"Person\",\"@id\":\"https:\/\/interprogettied.com\/tecnologiealimentari\/#\/schema\/person\/ecca5af3dd88b92605aba8934b5583a5\",\"name\":\"e.devecchis\",\"image\":{\"@type\":\"ImageObject\",\"inLanguage\":\"it-IT\",\"@id\":\"https:\/\/interprogettied.com\/tecnologiealimentari\/#\/schema\/person\/image\/\",\"url\":\"https:\/\/secure.gravatar.com\/avatar\/cc82eadc61594c953f23a7510327dcf9d95cad22f00fd2484425a9cf7b0a08d4?s=96&d=mm&r=g\",\"contentUrl\":\"https:\/\/secure.gravatar.com\/avatar\/cc82eadc61594c953f23a7510327dcf9d95cad22f00fd2484425a9cf7b0a08d4?s=96&d=mm&r=g\",\"caption\":\"e.devecchis\"},\"url\":\"https:\/\/interprogettied.com\/tecnologiealimentari\/author\/e-devecchis\/\"}]}<\/script>\n<!-- \/ Yoast SEO plugin. -->","yoast_head_json":{"title":"Il packaging in mostra all'ADI Design Museum - Tecnologie Alimentari","description":"Al ADI Design Museum di Milano una mostra dedicata al ruolo del design nel sistema del packaging","robots":{"index":"index","follow":"follow","max-snippet":"max-snippet:-1","max-image-preview":"max-image-preview:large","max-video-preview":"max-video-preview:-1"},"canonical":"https:\/\/interprogettied.com\/tecnologiealimentari\/2026\/03\/il-packaging-in-mostra-alladi-design-museum\/","og_locale":"it_IT","og_type":"article","og_title":"Il packaging in mostra all'ADI Design Museum - Tecnologie Alimentari","og_description":"Al ADI Design Museum di Milano una mostra dedicata al ruolo del design nel sistema del packaging","og_url":"https:\/\/interprogettied.com\/tecnologiealimentari\/2026\/03\/il-packaging-in-mostra-alladi-design-museum\/","og_site_name":"Tecnologie Alimentari","article_published_time":"2026-03-17T08:00:08+00:00","article_modified_time":"2026-03-17T08:56:03+00:00","og_image":[{"width":2560,"height":1707,"url":"https:\/\/interprogettied.com\/tecnologiealimentari\/wp-content\/uploads\/2026\/03\/bulgarian-pepper-box-shelf-supermarket-scaled.jpg","type":"image\/jpeg"}],"author":"e.devecchis","twitter_card":"summary_large_image","twitter_misc":{"Scritto da":"e.devecchis","Tempo di lettura stimato":"2 minuti"},"schema":{"@context":"https:\/\/schema.org","@graph":[{"@type":"WebPage","@id":"https:\/\/interprogettied.com\/tecnologiealimentari\/2026\/03\/il-packaging-in-mostra-alladi-design-museum\/","url":"https:\/\/interprogettied.com\/tecnologiealimentari\/2026\/03\/il-packaging-in-mostra-alladi-design-museum\/","name":"Il packaging in mostra all'ADI Design Museum - Tecnologie Alimentari","isPartOf":{"@id":"https:\/\/interprogettied.com\/tecnologiealimentari\/#website"},"datePublished":"2026-03-17T08:00:08+00:00","dateModified":"2026-03-17T08:56:03+00:00","author":{"@id":"https:\/\/interprogettied.com\/tecnologiealimentari\/#\/schema\/person\/ecca5af3dd88b92605aba8934b5583a5"},"description":"Al ADI Design Museum di Milano una mostra dedicata al ruolo del design nel sistema del packaging","breadcrumb":{"@id":"https:\/\/interprogettied.com\/tecnologiealimentari\/2026\/03\/il-packaging-in-mostra-alladi-design-museum\/#breadcrumb"},"inLanguage":"it-IT","potentialAction":[{"@type":"ReadAction","target":["https:\/\/interprogettied.com\/tecnologiealimentari\/2026\/03\/il-packaging-in-mostra-alladi-design-museum\/"]}]},{"@type":"BreadcrumbList","@id":"https:\/\/interprogettied.com\/tecnologiealimentari\/2026\/03\/il-packaging-in-mostra-alladi-design-museum\/#breadcrumb","itemListElement":[{"@type":"ListItem","position":1,"name":"Home","item":"https:\/\/interprogettied.com\/tecnologiealimentari\/"},{"@type":"ListItem","position":2,"name":"Il packaging in mostra all&#8217;ADI Design Museum"}]},{"@type":"WebSite","@id":"https:\/\/interprogettied.com\/tecnologiealimentari\/#website","url":"https:\/\/interprogettied.com\/tecnologiealimentari\/","name":"Tecnologie Alimentari","description":"Interprogetti editori","potentialAction":[{"@type":"SearchAction","target":{"@type":"EntryPoint","urlTemplate":"https:\/\/interprogettied.com\/tecnologiealimentari\/?s={search_term_string}"},"query-input":"required name=search_term_string"}],"inLanguage":"it-IT"},{"@type":"Person","@id":"https:\/\/interprogettied.com\/tecnologiealimentari\/#\/schema\/person\/ecca5af3dd88b92605aba8934b5583a5","name":"e.devecchis","image":{"@type":"ImageObject","inLanguage":"it-IT","@id":"https:\/\/interprogettied.com\/tecnologiealimentari\/#\/schema\/person\/image\/","url":"https:\/\/secure.gravatar.com\/avatar\/cc82eadc61594c953f23a7510327dcf9d95cad22f00fd2484425a9cf7b0a08d4?s=96&d=mm&r=g","contentUrl":"https:\/\/secure.gravatar.com\/avatar\/cc82eadc61594c953f23a7510327dcf9d95cad22f00fd2484425a9cf7b0a08d4?s=96&d=mm&r=g","caption":"e.devecchis"},"url":"https:\/\/interprogettied.com\/tecnologiealimentari\/author\/e-devecchis\/"}]}},"_links":{"self":[{"href":"https:\/\/interprogettied.com\/tecnologiealimentari\/wp-json\/wp\/v2\/posts\/13539","targetHints":{"allow":["GET"]}}],"collection":[{"href":"https:\/\/interprogettied.com\/tecnologiealimentari\/wp-json\/wp\/v2\/posts"}],"about":[{"href":"https:\/\/interprogettied.com\/tecnologiealimentari\/wp-json\/wp\/v2\/types\/post"}],"author":[{"embeddable":true,"href":"https:\/\/interprogettied.com\/tecnologiealimentari\/wp-json\/wp\/v2\/users\/5"}],"replies":[{"embeddable":true,"href":"https:\/\/interprogettied.com\/tecnologiealimentari\/wp-json\/wp\/v2\/comments?post=13539"}],"version-history":[{"count":5,"href":"https:\/\/interprogettied.com\/tecnologiealimentari\/wp-json\/wp\/v2\/posts\/13539\/revisions"}],"predecessor-version":[{"id":13542,"href":"https:\/\/interprogettied.com\/tecnologiealimentari\/wp-json\/wp\/v2\/posts\/13539\/revisions\/13542"}],"wp:featuredmedia":[{"embeddable":true,"href":"https:\/\/interprogettied.com\/tecnologiealimentari\/wp-json\/wp\/v2\/media\/13540"}],"wp:attachment":[{"href":"https:\/\/interprogettied.com\/tecnologiealimentari\/wp-json\/wp\/v2\/media?parent=13539"}],"wp:term":[{"taxonomy":"category","embeddable":true,"href":"https:\/\/interprogettied.com\/tecnologiealimentari\/wp-json\/wp\/v2\/categories?post=13539"},{"taxonomy":"post_tag","embeddable":true,"href":"https:\/\/interprogettied.com\/tecnologiealimentari\/wp-json\/wp\/v2\/tags?post=13539"}],"curies":[{"name":"wp","href":"https:\/\/api.w.org\/{rel}","templated":true}]}}